{"id":10556,"date":"2026-04-27T19:25:28","date_gmt":"2026-04-27T19:25:28","guid":{"rendered":"https:\/\/freeazawad.com\/?p=10556"},"modified":"2026-04-27T19:33:54","modified_gmt":"2026-04-27T19:33:54","slug":"the-fla-salutes-the-bravery-of-its-fighters","status":"publish","type":"post","link":"https:\/\/freeazawad.com\/fr\/the-fla-salutes-the-bravery-of-its-fighters\/","title":{"rendered":"LA FLA SALUE LA BRAVOURE DE SES COMBATTANTS"},"content":{"rendered":"<figure class=\"wp-block-image size-large\"><img loading=\"lazy\" decoding=\"async\" width=\"1608\" height=\"2048\" src=\"https:\/\/i0.wp.com\/freeazawad.com\/wp-content\/uploads\/2026\/04\/Kidal_FLA_Communique.jpg?fit=804%2C1024&amp;ssl=1\" alt=\"Kidal_FLA_Communique\" class=\"wp-image-10557\" srcset=\"https:\/\/i0.wp.com\/freeazawad.com\/wp-content\/uploads\/2026\/04\/Kidal_FLA_Communique.jpg?w=1608&amp;ssl=1 1608w, https:\/\/i0.wp.com\/freeazawad.com\/wp-content\/uploads\/2026\/04\/Kidal_FLA_Communique.jpg?resize=236%2C300&amp;ssl=1 236w, https:\/\/i0.wp.com\/freeazawad.com\/wp-content\/uploads\/2026\/04\/Kidal_FLA_Communique.jpg?resize=804%2C1024&amp;ssl=1 804w, https:\/\/i0.wp.com\/freeazawad.com\/wp-content\/uploads\/2026\/04\/Kidal_FLA_Communique.jpg?resize=768%2C978&amp;ssl=1 768w, https:\/\/i0.wp.com\/freeazawad.com\/wp-content\/uploads\/2026\/04\/Kidal_FLA_Communique.jpg?resize=1206%2C1536&amp;ssl=1 1206w, https:\/\/i0.wp.com\/freeazawad.com\/wp-content\/uploads\/2026\/04\/Kidal_FLA_Communique.jpg?resize=9%2C12&amp;ssl=1 9w\" sizes=\"auto, (max-width: 1000px) 100vw, 1000px\" \/><\/figure>\n\n\n\n<p class=\"\"><br>Les FLA saluent la bravoure de leurs combattants, le courage de leur jeunesse et la r\u00e9silience des femmes et du peuple d'Azawad. Apr\u00e8s Kidal, un appel au calme, \u00e0 l'unit\u00e9 et \u00e0 la responsabilit\u00e9 est lanc\u00e9 pour garantir la s\u00e9curit\u00e9 et la stabilit\u00e9.<\/p>\n\n\n\n<p class=\"\">COMMUNIQU\u00c9 DE PRESSE N\u00b0 004\/2026<\/p>\n\n\n\n<p class=\"\">Le charg\u00e9 de la d\u00e9fense du Front de Lib\u00e9ration de l'Azawad (FLA) tient \u00e0 adresser ses f\u00e9licitations les plus solennelles \u00e0 l'ensemble des combattants de Azawad pour leur bravoure, leur discipline et leur engagement d\u00e9terminant dans les r\u00e9cents d\u00e9veloppements sur le terrain.<\/p>\n\n\n\n<p class=\"\">Il salue avec une profonde reconnaissance la jeunesse de l'Azawad, dont le courage et l'abn\u00e9gation ont \u00e9t\u00e9 au c\u0153ur de cette \u00e9tape historique.<\/p>\n\n\n\n<p class=\"\">Le charg\u00e9 de la d\u00e9fense rend \u00e9galement un hommage appuy\u00e9 aux femmes et aux filles de l'Azawad, dont la r\u00e9silience, le soutien et la dignit\u00e9 ont constitu\u00e9 un pilier essentiel face aux \u00e9preuves, ainsi qu'\u00e0 l'ensemble de la population qui, malgr\u00e9 l'exil, les souffrances et les privations, est demeur\u00e9e ferme et attach\u00e9e \u00e0 ses droits l\u00e9gitimes.<\/p>\n\n\n\n<p class=\"\">\u00c0 la suite de la prise de la ville de Kidal, le Front de Lib\u00e9ration de l'Azawad appelle l'ensemble des populations \u00e0 faire preuve de responsabilit\u00e9, de calme et d'unit\u00e9. Cette phase impose \u00e0 tous un sens \u00e9lev\u00e9 du devoir afin de pr\u00e9server les acquis, garantir la s\u00e9curit\u00e9 des personnes et des biens, et engager une dynamique de stabilit\u00e9 durable.<\/p>\n\n\n\n<p class=\"\">Le FLA r\u00e9affirme son engagement \u00e0 \u0153uvrer pour la protection des populations civiles, le respect des principes fondamentaux et la construction d'un avenir fond\u00e9 sur la justice, la dignit\u00e9 et la coh\u00e9sion.<\/p>\n\n\n\n<p class=\"\">Charg\u00e9 de la d\u00e9fense<br>Kidal, le 26 Avril 2026<br>Mbarek Ag Akli<\/p>\n\n\n\n<hr class=\"is-style-wide wp-block-separator has-alpha-channel-opacity\"\/>\n\n\n\n<figure class=\"wp-block-image size-full\"><img loading=\"lazy\" decoding=\"async\" width=\"908\" height=\"650\" src=\"https:\/\/i0.wp.com\/freeazawad.com\/wp-content\/uploads\/2026\/04\/Kidal_18.jpg?fit=908%2C650&amp;ssl=1\" alt=\"Kidal_18\" class=\"wp-image-10558\" srcset=\"https:\/\/i0.wp.com\/freeazawad.com\/wp-content\/uploads\/2026\/04\/Kidal_18.jpg?w=908&amp;ssl=1 908w, https:\/\/i0.wp.com\/freeazawad.com\/wp-content\/uploads\/2026\/04\/Kidal_18.jpg?resize=300%2C215&amp;ssl=1 300w, https:\/\/i0.wp.com\/freeazawad.com\/wp-content\/uploads\/2026\/04\/Kidal_18.jpg?resize=768%2C550&amp;ssl=1 768w, https:\/\/i0.wp.com\/freeazawad.com\/wp-content\/uploads\/2026\/04\/Kidal_18.jpg?resize=18%2C12&amp;ssl=1 18w\" sizes=\"auto, (max-width: 908px) 100vw, 908px\" \/><\/figure>\n\n\n\n<p class=\"\">Les \u00e9v\u00e9nements d'Azawad ne sont pas termin\u00e9s\u2026 d'autres suivront. La lutte pour la libert\u00e9 continue. <\/p>\n\n\n\n<p class=\"\">Lorsqu'un peuple entier est marginalis\u00e9 et opprim\u00e9, et lorsqu'il est opprim\u00e9 au point de subir quotidiennement des massacres de civils non arm\u00e9s, en particulier de femmes, d'enfants, de personnes \u00e2g\u00e9es et de malades, tous ceux qui sont sans d\u00e9fense. <\/p>\n\n\n\n<p class=\"\">Et lorsque la brutalit\u00e9 atteint m\u00eame le point de cannibalisme commis par les soldats de la junte, et lorsqu'ils engagent des mercenaires criminels \u00e9trangers (parce qu'ils ne peuvent vaincre les combattants de la libert\u00e9 azawadiens\u2026)<\/p>\n\n\n\n<p class=\"\">Il arrive un moment\u2026 o\u00f9 l\u2019on en a assez ! Mais il est important de se rappeler qu\u2019avec sagesse et patience, tout finira par s\u2019arranger comme pr\u00e9vu, si Dieu le veut.<\/p>\n\n\n\n<p class=\"\">Groupe de Soutien l`Azawad<\/p>\n\n\n\n<p class=\"\">26-04-27<\/p>\n\n\n\n<p class=\"\"><\/p>\n\n\n\n<p class=\"\"><\/p>\n\n\n\n<p class=\"has-text-align-center has-link-color wp-elements-bbc451ac11c6172b04f7e896fe0623f8\"><a href=\"https:\/\/freeazawad.com\/fr\/\">PAGE  D\u00b4ACCUEIL<\/a><\/p>","protected":false},"excerpt":{"rendered":"<p>Les FLA saluent la bravoure de leurs combattants, le courage de leur jeunesse et la r\u00e9silience des femmes et du peuple d'Azawad. Apr\u00e8s Kidal, un appel au calme, \u00e0 l'unit\u00e9 et \u00e0 la responsabilit\u00e9 est lanc\u00e9 pour garantir la s\u00e9curit\u00e9 et la stabilit\u00e9.<\/p>","protected":false},"author":1,"featured_media":0,"comment_status":"closed","ping_status":"open","sticky":false,"template":"","format":"standard","meta":{"nf_dc_page":"","_monsterinsights_skip_tracking":false,"_monsterinsights_sitenote_active":false,"_monsterinsights_sitenote_note":"","_monsterinsights_sitenote_category":0,"advanced_seo_description":"","jetpack_seo_html_title":"","jetpack_seo_noindex":false,"_jetpack_memberships_contains_paid_content":false,"footnotes":""},"categories":[232,335,140,627,677,588,381],"tags":[608,473,106,105,441,455,260,295,457,159],"class_list":["post-10556","post","type-post","status-publish","format-standard","hentry","category-africa","category-azawad-liberation-front","category-azawad-news","category-azawad-mali-fama-africa_corps-wagner-atrocities-terrorism-genocide-racism-human-rights-violations","category-colonialism-oppression-neglect-exploitation-azawad-mali","category-media","category-sahel","tag-azawad-freedom_of_azawad-dignity_of_azawad-justice_of_azawad-self-determination_for_azawad-voice_of_azawad-azawad_under_marginalization-justice_for_marginalized_peoples","tag-alf","tag-azawad-liberation-front","tag-fla","tag-free_azawad","tag-freedom_against_oppression","tag-freedom_fight","tag-freedom_fighters","tag-freedom_for_azawad","tag-kidal"],"jetpack_featured_media_url":"","jetpack_sharing_enabled":true,"_links":{"self":[{"href":"https:\/\/freeazawad.com\/fr\/wp-json\/wp\/v2\/posts\/10556","targetHints":{"allow":["GET"]}}],"collection":[{"href":"https:\/\/freeazawad.com\/fr\/wp-json\/wp\/v2\/posts"}],"about":[{"href":"https:\/\/freeazawad.com\/fr\/wp-json\/wp\/v2\/types\/post"}],"author":[{"embeddable":true,"href":"https:\/\/freeazawad.com\/fr\/wp-json\/wp\/v2\/users\/1"}],"replies":[{"embeddable":true,"href":"https:\/\/freeazawad.com\/fr\/wp-json\/wp\/v2\/comments?post=10556"}],"version-history":[{"count":6,"href":"https:\/\/freeazawad.com\/fr\/wp-json\/wp\/v2\/posts\/10556\/revisions"}],"predecessor-version":[{"id":10564,"href":"https:\/\/freeazawad.com\/fr\/wp-json\/wp\/v2\/posts\/10556\/revisions\/10564"}],"wp:attachment":[{"href":"https:\/\/freeazawad.com\/fr\/wp-json\/wp\/v2\/media?parent=10556"}],"wp:term":[{"taxonomy":"category","embeddable":true,"href":"https:\/\/freeazawad.com\/fr\/wp-json\/wp\/v2\/categories?post=10556"},{"taxonomy":"post_tag","embeddable":true,"href":"https:\/\/freeazawad.com\/fr\/wp-json\/wp\/v2\/tags?post=10556"}],"curies":[{"name":"wp","href":"https:\/\/api.w.org\/{rel}","templated":true}]}}