{"id":11910,"date":"2026-07-11T23:00:07","date_gmt":"2026-07-11T23:00:07","guid":{"rendered":"https:\/\/freeazawad.com\/?p=11910"},"modified":"2026-07-15T22:06:36","modified_gmt":"2026-07-15T22:06:36","slug":"azawad-remains-steadfast","status":"publish","type":"post","link":"https:\/\/freeazawad.com\/fr\/azawad-remains-steadfast\/","title":{"rendered":"AZAWAD RESTE IN\u00c9BRANLABLE"},"content":{"rendered":"<figure class=\"wp-block-image size-large is-resized\"><img loading=\"lazy\" decoding=\"async\" width=\"613\" height=\"1027\" src=\"https:\/\/i0.wp.com\/freeazawad.com\/wp-content\/uploads\/2026\/07\/Anefif-17-1.png?fit=611%2C1024&amp;ssl=1\" alt=\"Anefif 17\" class=\"wp-image-11916\" style=\"aspect-ratio:0.5966826380199591;width:903px;height:auto\" srcset=\"https:\/\/i0.wp.com\/freeazawad.com\/wp-content\/uploads\/2026\/07\/Anefif-17-1.png?w=613&amp;ssl=1 613w, https:\/\/i0.wp.com\/freeazawad.com\/wp-content\/uploads\/2026\/07\/Anefif-17-1.png?resize=179%2C300&amp;ssl=1 179w, https:\/\/i0.wp.com\/freeazawad.com\/wp-content\/uploads\/2026\/07\/Anefif-17-1.png?resize=611%2C1024&amp;ssl=1 611w, https:\/\/i0.wp.com\/freeazawad.com\/wp-content\/uploads\/2026\/07\/Anefif-17-1.png?resize=7%2C12&amp;ssl=1 7w\" sizes=\"auto, (max-width: 613px) 100vw, 613px\" \/><\/figure>\n\n\n\n<p class=\"wp-block-paragraph\">Rapport du 26 juin 2010 :<\/p>\n\n\n\n<p class=\"has-superbfont-large-font-size wp-block-paragraph\">L'AZAWAD TIENT TOUJOURS DEBOUT, MALGR\u00c9 SON RETOUR \u00c0 SA POINT DE D\u00c9PART<\/p>\n\n\n\n<p class=\"wp-block-paragraph\">Si les informations sont exactes, car elles ne sont pas encore officiellement confirm\u00e9es, le bilan de la bataille d'Anefif serait lourd en termes de pertes humaines et mat\u00e9rielles pour l'Afrika Korps, l'arm\u00e9e malienne, et les milices locales qui lui sont fid\u00e8les, mais pas \u00e0 leur propre peuple.<\/p>\n\n\n\n<p class=\"wp-block-paragraph\"><strong>Bilan des pertes pour les forces arm\u00e9es maliennes, l'Afrika Korps et leurs soutiens locaux\u00a0:<\/strong><\/p>\n\n\n\n<p class=\"wp-block-paragraph\">Le convoi de mercenaires russes parti de Gao pour secourir leurs camarades pi\u00e9g\u00e9s \u00e0 Anefif fut la cible d'embuscades et de bombardements qui perturb\u00e8rent sa mission\u00a0; onze v\u00e9hicules furent d\u00e9truits. On d\u00e9plora \u00e9galement des morts et des bless\u00e9s dans les rangs de l'arm\u00e9e malienne et de l'Afrika Korps russe, dont un commandant sur le terrain. <\/p>\n\n\n\n<p class=\"wp-block-paragraph\">En outre, des sources rapportent que 13 membres de l'Afrika Korps ont \u00e9t\u00e9 tu\u00e9s (les corps sont actuellement d\u00e9tenus \u00e0 Anefif). Et 9 ont \u00e9t\u00e9 bless\u00e9s et ont re\u00e7u des soins m\u00e9dicaux. Et un bilan de 10 membres morts des milices locales pro-junte a \u00e9t\u00e9 enterr\u00e9 \u00e0 Tabankort. Plusieurs autres membres sont enterr\u00e9s \u00e0 Anefif.<\/p>\n\n\n\n<p class=\"wp-block-paragraph\">Dix-sept bless\u00e9s (forces FAMa et auxiliaires confondues) ont \u00e9t\u00e9 recens\u00e9s.<\/p>\n\n\n\n<p class=\"wp-block-paragraph\">Attaher Ma\u00efga a \u00e9t\u00e9 gri\u00e8vement bless\u00e9 et a eu besoin d'un garrot.<\/p>\n\n\n\n<p class=\"wp-block-paragraph\">MISE \u00c0 JOUR:<\/p>\n\n\n\n<p class=\"wp-block-paragraph\">Le nombre de soldats de la FAMa tu\u00e9s reste ind\u00e9termin\u00e9, leurs corps n'ayant pu \u00eatre retrouv\u00e9s sur place. Cependant, des informations non confirm\u00e9es font \u00e9tat de 62 morts et 124 bless\u00e9s au sein de l'Afrika Korps (ex-Wagner), de 105 morts, 87 prisonniers et 90 bless\u00e9s du c\u00f4t\u00e9 de la FAMa, et de 26 morts et 79 bless\u00e9s parmi les milices locales. Ce bilan a \u00e9t\u00e9 mis \u00e0 jour le 15 juillet.<\/p>\n\n\n\n<p class=\"wp-block-paragraph\"><strong>Bilan des pertes pour l'Azawad :<\/strong><\/p>\n\n\n\n<p class=\"wp-block-paragraph\">Du c\u00f4t\u00e9 de l'Azawad, des sources ont fait \u00e9tat de la destruction de 3 v\u00e9hicules, de la mort de 3 combattants et de plusieurs bless\u00e9s. Que Dieu ait piti\u00e9 de nos martyrs.<\/p>\n\n\n\n<p class=\"wp-block-paragraph\"><strong>Les pertes mat\u00e9rielles sont les suivantes\u00a0:<\/strong><\/p>\n\n\n\n<p class=\"wp-block-paragraph\">Cinq v\u00e9hicules ont \u00e9t\u00e9 d\u00e9truits par le Front de lib\u00e9ration de l'Azawad.<\/p>\n\n\n\n<p class=\"wp-block-paragraph\">Deux v\u00e9hicules de l'Afrika Korps ont \u00e9t\u00e9 perdus suite \u00e0 des pannes m\u00e9caniques.<\/p>\n\n\n\n<p class=\"wp-block-paragraph\">Les bless\u00e9s de ces combats ont \u00e9t\u00e9 \u00e9vacu\u00e9s vers Gao pour y \u00eatre soign\u00e9s.<\/p>\n\n\n\n<p class=\"wp-block-paragraph\">Cela refl\u00e8te une nette diff\u00e9rence dans le co\u00fbt de la bataille entre les deux camps, si les chiffres qui circulent sur le terrain sont confirm\u00e9s. <\/p>\n\n\n\n<p class=\"wp-block-paragraph\">Un convoi de renforts de l'Afrika Korps\/FAMa et de leurs alli\u00e9s a atteint Anefif, et les forces de l'Azawad se sont repli\u00e9es pour se regrouper. La situation est donc la suivante\u00a0: l'Afrika Korps a repris le contr\u00f4le d'Anefif et les forces de l'Azawad se regroupent, mais tout n'est pas perdu, loin de l\u00e0.<\/p>\n\n\n\n<p class=\"wp-block-paragraph\">Et\u2026 la lutte se poursuit jusqu\u2019\u00e0 la lib\u00e9ration compl\u00e8te de l\u2019Azawad.<\/p>\n\n\n\n<hr class=\"is-style-wide wp-block-separator has-alpha-channel-opacity\"\/>\n\n\n\n<p class=\"wp-block-paragraph\">Remarque : nous \u00e9crivons Africa Corps comme \u00ab Afrika Korps \u00bb, avec un K, en raison de ce \u2013 <a href=\"https:\/\/freeazawad.com\/fr\/mali-war-symbols-awaken-the-specter-of-fascism\/\">crime<\/a> \u2013 parce que nous pensons que c'est plus appropri\u00e9. Le lien est on ne peut plus clair.<\/p>\n\n\n\n<p class=\"wp-block-paragraph\">Voici le communiqu\u00e9 de presse du Front de Lib\u00e9ration de l'Azawad<\/p>\n\n\n\n<hr class=\"is-style-wide wp-block-separator has-alpha-channel-opacity\"\/>\n\n\n\n<figure class=\"wp-block-image size-full is-resized\"><img loading=\"lazy\" decoding=\"async\" width=\"672\" height=\"911\" src=\"https:\/\/i0.wp.com\/freeazawad.com\/wp-content\/uploads\/2026\/07\/PRESS-RELEASE-ANEFIF-FR-1-2.jpg?fit=672%2C911&amp;ssl=1\" alt=\"PRESS RELEASE ANEFIF FR 1\" class=\"wp-image-11951\" style=\"aspect-ratio:0.737646433288167;width:750px;height:auto\" srcset=\"https:\/\/i0.wp.com\/freeazawad.com\/wp-content\/uploads\/2026\/07\/PRESS-RELEASE-ANEFIF-FR-1-2.jpg?w=672&amp;ssl=1 672w, https:\/\/i0.wp.com\/freeazawad.com\/wp-content\/uploads\/2026\/07\/PRESS-RELEASE-ANEFIF-FR-1-2.jpg?resize=221%2C300&amp;ssl=1 221w, https:\/\/i0.wp.com\/freeazawad.com\/wp-content\/uploads\/2026\/07\/PRESS-RELEASE-ANEFIF-FR-1-2.jpg?resize=9%2C12&amp;ssl=1 9w\" sizes=\"auto, (max-width: 672px) 100vw, 672px\" \/><\/figure>\n\n\n\n<figure class=\"wp-block-image size-full is-resized\"><img loading=\"lazy\" decoding=\"async\" width=\"703\" height=\"1003\" src=\"https:\/\/i0.wp.com\/freeazawad.com\/wp-content\/uploads\/2026\/07\/PRESS-RELEASE-ANEFIF-FR-2-3.jpg?fit=703%2C1003&amp;ssl=1\" alt=\"PRESS RELEASE ANEFIF FR 2\" class=\"wp-image-11952\" style=\"aspect-ratio:0.7009144869058561;width:719px;height:auto\" srcset=\"https:\/\/i0.wp.com\/freeazawad.com\/wp-content\/uploads\/2026\/07\/PRESS-RELEASE-ANEFIF-FR-2-3.jpg?w=703&amp;ssl=1 703w, https:\/\/i0.wp.com\/freeazawad.com\/wp-content\/uploads\/2026\/07\/PRESS-RELEASE-ANEFIF-FR-2-3.jpg?resize=210%2C300&amp;ssl=1 210w, https:\/\/i0.wp.com\/freeazawad.com\/wp-content\/uploads\/2026\/07\/PRESS-RELEASE-ANEFIF-FR-2-3.jpg?resize=8%2C12&amp;ssl=1 8w\" sizes=\"auto, (max-width: 703px) 100vw, 703px\" \/><\/figure>\n\n\n\n<figure class=\"wp-block-image size-large\"><img loading=\"lazy\" decoding=\"async\" width=\"726\" height=\"1027\" src=\"https:\/\/i0.wp.com\/freeazawad.com\/wp-content\/uploads\/2026\/07\/PRESS-RELEASE-ANEFIF-AR-1-1.jpg?fit=724%2C1024&amp;ssl=1\" alt=\"PRESS RELEASE ANEFIF AR 1\" class=\"wp-image-11945\" srcset=\"https:\/\/i0.wp.com\/freeazawad.com\/wp-content\/uploads\/2026\/07\/PRESS-RELEASE-ANEFIF-AR-1-1.jpg?w=726&amp;ssl=1 726w, https:\/\/i0.wp.com\/freeazawad.com\/wp-content\/uploads\/2026\/07\/PRESS-RELEASE-ANEFIF-AR-1-1.jpg?resize=212%2C300&amp;ssl=1 212w, https:\/\/i0.wp.com\/freeazawad.com\/wp-content\/uploads\/2026\/07\/PRESS-RELEASE-ANEFIF-AR-1-1.jpg?resize=724%2C1024&amp;ssl=1 724w, https:\/\/i0.wp.com\/freeazawad.com\/wp-content\/uploads\/2026\/07\/PRESS-RELEASE-ANEFIF-AR-1-1.jpg?resize=8%2C12&amp;ssl=1 8w\" sizes=\"auto, (max-width: 726px) 100vw, 726px\" \/><\/figure>\n\n\n\n<figure class=\"wp-block-image size-full is-resized\"><img loading=\"lazy\" decoding=\"async\" width=\"649\" height=\"930\" src=\"https:\/\/i0.wp.com\/freeazawad.com\/wp-content\/uploads\/2026\/07\/PRESS-RELEASE-ANEFIF-AR-2-1.jpg?fit=649%2C930&amp;ssl=1\" alt=\"PRESS RELEASE ANEFIF AR 2\" class=\"wp-image-11946\" style=\"aspect-ratio:0.6978561107564099;width:719px;height:auto\" srcset=\"https:\/\/i0.wp.com\/freeazawad.com\/wp-content\/uploads\/2026\/07\/PRESS-RELEASE-ANEFIF-AR-2-1.jpg?w=649&amp;ssl=1 649w, https:\/\/i0.wp.com\/freeazawad.com\/wp-content\/uploads\/2026\/07\/PRESS-RELEASE-ANEFIF-AR-2-1.jpg?resize=209%2C300&amp;ssl=1 209w, https:\/\/i0.wp.com\/freeazawad.com\/wp-content\/uploads\/2026\/07\/PRESS-RELEASE-ANEFIF-AR-2-1.jpg?resize=8%2C12&amp;ssl=1 8w\" sizes=\"auto, (max-width: 649px) 100vw, 649px\" \/><\/figure>\n\n\n\n<p class=\"wp-block-paragraph\">MISE \u00c0 JOUR 13-07-26\u00a0: <\/p>\n\n\n\n<p class=\"wp-block-paragraph\">D\u00c9CLARATION DU RESPONSABLE DE LA D\u00c9FENSE DU FRONT DE LIB\u00c9RATION DE L'AZAWAD (FLA)<\/p>\n\n\n\n<p class=\"wp-block-paragraph\">D\u00e9claration du charg\u00e9 de la D\u00e9fense du Front de Lib\u00e9ration de l'Azawad (FLA), le colonel Mbarek AKLY \u00c0 ceux qui se demandent encore qui est sorti vainqueur des batailles d'Anefif, d'Anou-Malan et de Tabrichat, nous leur r\u00e9pondons d'aller sur le terrain: ils verront par eux-m\u00eames qui a r\u00e9v\u00e9l\u00e9 la victoire.<\/p>\n\n\n\n<p class=\"wp-block-paragraph\">Si le Mali pr\u00e9tend contr\u00f4ler Anefif, nous affirmons pour notre part que nous y sommes pr\u00e9sents. Le Mali finira par partir, tandis que nous, nous resterons ici, ainsi que sur l'ensemble de notre territoire azawadien.<\/p>\n\n\n\n<p class=\"wp-block-paragraph\">Quant \u00e0 ceux qui se trouvent \u00e0 Gao, Tombouctou et M\u00e9naka, qu'ils ne se fassent aucune illusion: ces r\u00e9gions demeurent au c\u0153ur de notre objectif de reconqu\u00eate totale.<\/p>\n\n\n\n<hr class=\"is-style-wide wp-block-separator has-alpha-channel-opacity\"\/>\n\n\n\n<p class=\"wp-block-paragraph\">Groupe de Soutien l`Azawad<\/p>\n\n\n\n<p class=\"wp-block-paragraph\">10-07-26<\/p>\n\n\n\n<p class=\"wp-block-paragraph\"><\/p>\n\n\n\n<p class=\"has-text-align-center has-link-color wp-elements-1 wp-block-paragraph\"><a href=\"https:\/\/freeazawad.com\/fr\/\">PAGE  D\u00b4ACCUEIL<\/a><\/p>\n\n\n\n<p class=\"wp-block-paragraph\"><\/p>","protected":false},"excerpt":{"rendered":"<p>Si les informations sont exactes, car elles ne sont pas encore officiellement confirm\u00e9es, le bilan de la bataille d'Anefif serait lourd en termes de pertes humaines et mat\u00e9rielles pour l'Afrika Korps, l'arm\u00e9e malienne, et les milices locales qui lui sont fid\u00e8les, mais pas \u00e0 leur propre peuple.<\/p>","protected":false},"author":1,"featured_media":0,"comment_status":"closed","ping_status":"open","sticky":false,"template":"","format":"standard","meta":{"nf_dc_page":"","_monsterinsights_skip_tracking":false,"advanced_seo_description":"","jetpack_seo_html_title":"","jetpack_seo_noindex":false,"jetpack_seo_schema_type":"","_jetpack_newsletter_access":"","_jetpack_dont_email_post_to_subs":false,"_jetpack_newsletter_tier_id":0,"_jetpack_memberships_contains_paywalled_content":false,"_jetpack_memberships_contains_paid_content":false,"footnotes":""},"categories":[232,335,140,627,677,126,381],"tags":[14,388,883,118,107,106,131,137,214,506,392,398,293,395,429,399,294,339,115,596,263,607,295,135,119],"class_list":["post-11910","post","type-post","status-publish","format-standard","hentry","category-africa","category-azawad-liberation-front","category-azawad-news","category-azawad-mali-fama-africa_corps-wagner-atrocities-terrorism-genocide-racism-human-rights-violations","category-colonialism-oppression-neglect-exploitation-azawad-mali","category-drone-attacks","category-sahel","tag-azawad-colonialisation-mali-oppression-touareg-separatistes-liberte-independance-droitsdelhomme-violationsdesdroitsdelhomme-genocide-racisme-histoire-afrique-sahel-sahara","tag-africa_corps","tag-anefif-2","tag-atrocities","tag-azawad","tag-azawad-liberation-front","tag-azawad-liberation-struggle","tag-azawad-news","tag-azawad_army","tag-azawad_defence","tag-azawad_freedom","tag-azawad_freedom_fight","tag-azawad_history","tag-azawad_independence","tag-azawad_resistance","tag-azawad_revolutions","tag-colonialism","tag-exploitation","tag-fama","tag-fight_against_occupation","tag-fight_for_freedom","tag-fight_for_independence","tag-freedom_fighters","tag-freedomfight","tag-genocide"],"jetpack_sharing_enabled":true,"jetpack_featured_media_url":"","_links":{"self":[{"href":"https:\/\/freeazawad.com\/fr\/wp-json\/wp\/v2\/posts\/11910","targetHints":{"allow":["GET"]}}],"collection":[{"href":"https:\/\/freeazawad.com\/fr\/wp-json\/wp\/v2\/posts"}],"about":[{"href":"https:\/\/freeazawad.com\/fr\/wp-json\/wp\/v2\/types\/post"}],"author":[{"embeddable":true,"href":"https:\/\/freeazawad.com\/fr\/wp-json\/wp\/v2\/users\/1"}],"replies":[{"embeddable":true,"href":"https:\/\/freeazawad.com\/fr\/wp-json\/wp\/v2\/comments?post=11910"}],"version-history":[{"count":20,"href":"https:\/\/freeazawad.com\/fr\/wp-json\/wp\/v2\/posts\/11910\/revisions"}],"predecessor-version":[{"id":11976,"href":"https:\/\/freeazawad.com\/fr\/wp-json\/wp\/v2\/posts\/11910\/revisions\/11976"}],"wp:attachment":[{"href":"https:\/\/freeazawad.com\/fr\/wp-json\/wp\/v2\/media?parent=11910"}],"wp:term":[{"taxonomy":"category","embeddable":true,"href":"https:\/\/freeazawad.com\/fr\/wp-json\/wp\/v2\/categories?post=11910"},{"taxonomy":"post_tag","embeddable":true,"href":"https:\/\/freeazawad.com\/fr\/wp-json\/wp\/v2\/tags?post=11910"}],"curies":[{"name":"wp","href":"https:\/\/api.w.org\/{rel}","templated":true}]}}