{"id":12534,"date":"2026-08-30T21:09:13","date_gmt":"2026-08-30T21:09:13","guid":{"rendered":"https:\/\/freeazawad.com\/?p=12534"},"modified":"2026-08-30T21:09:13","modified_gmt":"2026-08-30T21:09:13","slug":"a-warm-welcome-was-given-to-inkinane-ag-attaher-in-tinzawatene-by-the-people-of-azawad","status":"publish","type":"post","link":"https:\/\/freeazawad.com\/fr\/a-warm-welcome-was-given-to-inkinane-ag-attaher-in-tinzawatene-by-the-people-of-azawad\/","title":{"rendered":"INKINANE AG ATTAHER A \u00c9T\u00c9 CHALEUREUSEMENT ACCUEILLI \u00c0 TINZAWATENE PAR LES PEUPLE D'AZAWAD"},"content":{"rendered":"<figure class=\"wp-block-image size-full is-resized\"><img loading=\"lazy\" decoding=\"async\" width=\"698\" height=\"671\" src=\"https:\/\/i0.wp.com\/freeazawad.com\/wp-content\/uploads\/2026\/08\/Inkinane_welcome_reception.png?fit=698%2C671&amp;ssl=1\" alt=\"Inkinane_welcome_reception\" class=\"wp-image-12535\" style=\"aspect-ratio:1.0402393870945206;width:1200px;height:auto\" srcset=\"https:\/\/i0.wp.com\/freeazawad.com\/wp-content\/uploads\/2026\/08\/Inkinane_welcome_reception.png?w=698&amp;ssl=1 698w, https:\/\/i0.wp.com\/freeazawad.com\/wp-content\/uploads\/2026\/08\/Inkinane_welcome_reception.png?resize=300%2C288&amp;ssl=1 300w, https:\/\/i0.wp.com\/freeazawad.com\/wp-content\/uploads\/2026\/08\/Inkinane_welcome_reception.png?resize=12%2C12&amp;ssl=1 12w\" sizes=\"auto, (max-width: 698px) 100vw, 698px\" \/><\/figure>\n\n\n\n<p class=\"wp-block-paragraph\">INKINANE AG ATTAHER A \u00c9T\u00c9 CHALEUREUSEMENT ACCUEILLIE \u00c0 TINZAWATENE PAR LES R\u00c9SIDENTS D'AZAWAD !<\/p>\n\n\n\n<p class=\"wp-block-paragraph\">En l'honneur d'Inkinan Ag Attaher, commandant, \u00e9crivain et auteur, les habitants d'Azawad lui ont r\u00e9serv\u00e9 un accueil chaleureux \u00e0 Tinzawatene. Quel moment de joie !<\/p>\n\n\n\n<p class=\"wp-block-paragraph\">Et c'est exactement comme l'a dit un fr\u00e8re :<\/p>\n\n\n\n<blockquote class=\"wp-block-quote is-layout-flow wp-block-quote-is-layout-flow\">\n<p class=\"wp-block-paragraph\">\u00ab Ce qui se passe aujourd'hui \u00e0 Tinzawaten est tout simplement magnifique !! \u00bb<\/p>\n\n\n\n<p class=\"wp-block-paragraph\">Le Front Liberation de l`Azawad, #FLA, ne ressemble \u00e0 rien de ce que nous avons connu jusqu'ici. Cette force populaire , cette ferveur!<\/p>\n\n\n\n<p class=\"wp-block-paragraph\">Macha Allah, nous assistons \u00e0 une v\u00e9ritable mont\u00e9e en puissance du patriotisme, un sursaut national qui vibre aussi bien au front, chez nos militaires, que dans le c\u0153ur de chaque citoyen.<\/p>\n\n\n\n<p class=\"wp-block-paragraph\">C'est exactement ce qui nous a si longtemps manqu\u00e9. Nos dirigeants, les vrais ont besoin de ressentir ce soutien. Ils ont besoin de savoir que leur peuple est debout derri\u00e8re eux, qu'ils comptent, qu'ils sont essentiels \u00e0 notre destin commun. Cet accueil extraordinaire en est la preuve \u00e9clatante: nous avan\u00e7ons, nous grandissons, et rien ne pourra plus arr\u00eater cette marche.\nAlhamdulillah !<\/p>\n<\/blockquote>\n\n\n\n<figure class=\"wp-block-image size-full is-resized\"><img loading=\"lazy\" decoding=\"async\" width=\"729\" height=\"429\" src=\"https:\/\/i0.wp.com\/freeazawad.com\/wp-content\/uploads\/2026\/08\/Inkinane_welcome_reception_2.png?fit=729%2C429&amp;ssl=1\" alt=\"Inkinane_welcome_reception_2\" class=\"wp-image-12550\" style=\"aspect-ratio:1.6993261700965216;width:1200px;height:auto\" srcset=\"https:\/\/i0.wp.com\/freeazawad.com\/wp-content\/uploads\/2026\/08\/Inkinane_welcome_reception_2.png?w=729&amp;ssl=1 729w, https:\/\/i0.wp.com\/freeazawad.com\/wp-content\/uploads\/2026\/08\/Inkinane_welcome_reception_2.png?resize=300%2C177&amp;ssl=1 300w, https:\/\/i0.wp.com\/freeazawad.com\/wp-content\/uploads\/2026\/08\/Inkinane_welcome_reception_2.png?resize=18%2C12&amp;ssl=1 18w\" sizes=\"auto, (max-width: 729px) 100vw, 729px\" \/><\/figure>\n\n\n\n<p class=\"wp-block-paragraph\">La question de l'Azawad est profond\u00e9ment enracin\u00e9e et ancestrale\u00a0: celle d'un peuple qui aspire \u00e0 la libert\u00e9 sur sa terre. Pourquoi le peuple de l'Azawad est-il marginalis\u00e9, et pourquoi sa souffrance est-elle accueillie par le silence\u00a0? O\u00f9 est l'humanit\u00e9\u00a0?<\/p>\n\n\n\n<p class=\"wp-block-paragraph\">On voit m\u00eame des commentaires de partisans de la junte malienne concernant sa lib\u00e9ration et l'accueil chaleureux r\u00e9serv\u00e9 \u00e0 un fr\u00e8re, un commandant, un professeur et un mentor tr\u00e8s respect\u00e9. Ils ont \u00e9crit des choses comme\u00a0: \u00ab\u00a0Les drones vont bient\u00f4t le tuer\u2026\u00a0\u00bb \u00ab\u00a0Une frappe de drone pourrait certainement stopper cette marche.\u00bb Des commentaires empreints de haine... et d'amertume.<\/p>\n\n\n\n<p class=\"wp-block-paragraph\">Ils ne supportent pas de voir le peuple azawadien se r\u00e9jouir de la lib\u00e9ration de leur fr\u00e8re et h\u00e9ros apr\u00e8s pr\u00e8s de deux ans de d\u00e9tention politique au Niger. Ils ne supportent pas de le voir enfin lib\u00e9r\u00e9. \u200b\u200bTout au long de l'ann\u00e9e, ils ont comment\u00e9 les messages \u00ab\u00a0Lib\u00e9rez Inkinane\u00a0\u00bb publi\u00e9s sur les r\u00e9seaux sociaux, \u00e9crivant qu'\u00ab\u00a0il est mort\u00a0\u00bb ou qu'\u00ab\u00a0il mourra bient\u00f4t\u00a0\u00bb, conform\u00e9ment \u00e0 leurs vaines et malveillantes pens\u00e9es\u00a0!<\/p>\n\n\n\n<p class=\"wp-block-paragraph\">Mais la r\u00e9alit\u00e9 est diff\u00e9rente.<\/p>\n\n\n\n<p class=\"wp-block-paragraph\">Inkinane est enfin libre.<\/p>\n\n\n\n<p class=\"wp-block-paragraph\">Et aucune haine, aucun racisme, aucune jalousie, aucune ignorance ni aucune amertume ne pourront voler ce moment au peuple azawadien.<\/p>\n\n\n\n<figure class=\"wp-block-image size-full is-resized\"><img loading=\"lazy\" decoding=\"async\" width=\"729\" height=\"430\" src=\"https:\/\/i0.wp.com\/freeazawad.com\/wp-content\/uploads\/2026\/08\/Inkinane_welcome_reception_4.png?fit=729%2C430&amp;ssl=1\" alt=\"Inkinane_welcome_reception_4\" class=\"wp-image-12551\" style=\"aspect-ratio:1.695374105163705;width:1200px;height:auto\" srcset=\"https:\/\/i0.wp.com\/freeazawad.com\/wp-content\/uploads\/2026\/08\/Inkinane_welcome_reception_4.png?w=729&amp;ssl=1 729w, https:\/\/i0.wp.com\/freeazawad.com\/wp-content\/uploads\/2026\/08\/Inkinane_welcome_reception_4.png?resize=300%2C177&amp;ssl=1 300w, https:\/\/i0.wp.com\/freeazawad.com\/wp-content\/uploads\/2026\/08\/Inkinane_welcome_reception_4.png?resize=18%2C12&amp;ssl=1 18w\" sizes=\"auto, (max-width: 729px) 100vw, 729px\" \/><\/figure>\n\n\n\n<p class=\"has-superbfont-large-font-size wp-block-paragraph\">\u00c0 TOUS LES COMBATTANTS DE LA LIBERT\u00c9 ET \u00c0 CEUX QUI C\u00c9L\u00c8BRES LA LIBERT\u00c9 : <\/p>\n\n\n\n<p class=\"wp-block-paragraph\">Le chemin vers la libert\u00e9 est peut-\u00eatre long et difficile, mais la libert\u00e9 finira par triompher. Et ceux qui demeurent fermes et patients, arm\u00e9s de d\u00e9termination, de foi en Dieu et en leur cause, seront r\u00e9compens\u00e9s. <\/p>\n\n\n\n<p class=\"wp-block-paragraph\">On peut emprisonner un corps, voire le tuer, mais on ne peut emprisonner un esprit libre. Et une r\u00e9volution ne s'arr\u00eate pas parce que des combattants de la libert\u00e9 sont emprisonn\u00e9s ou tu\u00e9s\u00a0; elle continue d'avancer\u2026 et l'histoire nous a appris qu'un jour justice sera faite.<\/p>\n\n\n\n<p class=\"wp-block-paragraph\">Louange \u00e0 Dieu pour la s\u00e9curit\u00e9 de notre h\u00e9ros Inkinane, et nous prions pour la lib\u00e9ration de tous les prisonniers incarc\u00e9r\u00e9s uniquement en raison de leur origine ethnique ou parce qu'ils luttent pour la libert\u00e9 de leur peuple. <\/p>\n\n\n\n<p class=\"wp-block-paragraph\">Nous prions pour que la constance et la foi accompagnent tous ceux qui luttent pour la justice, la dignit\u00e9 et la libert\u00e9, o\u00f9 qu'ils se trouvent dans ce monde o\u00f9 r\u00e8gnent l'avidit\u00e9 et l'\u00e9go\u00efsme.<\/p>\n\n\n\n<figure class=\"wp-block-image size-large is-resized\"><img loading=\"lazy\" decoding=\"async\" width=\"1178\" height=\"1945\" src=\"https:\/\/i0.wp.com\/freeazawad.com\/wp-content\/uploads\/2026\/08\/IMG_9282.jpg?fit=620%2C1024&amp;ssl=1\" alt=\"IMG_9282\" class=\"wp-image-12543\" style=\"aspect-ratio:0.6054719687490463;width:1200px;height:auto\" srcset=\"https:\/\/i0.wp.com\/freeazawad.com\/wp-content\/uploads\/2026\/08\/IMG_9282.jpg?w=1178&amp;ssl=1 1178w, https:\/\/i0.wp.com\/freeazawad.com\/wp-content\/uploads\/2026\/08\/IMG_9282.jpg?resize=182%2C300&amp;ssl=1 182w, https:\/\/i0.wp.com\/freeazawad.com\/wp-content\/uploads\/2026\/08\/IMG_9282.jpg?resize=620%2C1024&amp;ssl=1 620w, https:\/\/i0.wp.com\/freeazawad.com\/wp-content\/uploads\/2026\/08\/IMG_9282.jpg?resize=768%2C1268&amp;ssl=1 768w, https:\/\/i0.wp.com\/freeazawad.com\/wp-content\/uploads\/2026\/08\/IMG_9282.jpg?resize=930%2C1536&amp;ssl=1 930w, https:\/\/i0.wp.com\/freeazawad.com\/wp-content\/uploads\/2026\/08\/IMG_9282.jpg?resize=7%2C12&amp;ssl=1 7w\" sizes=\"auto, (max-width: 1000px) 100vw, 1000px\" \/><\/figure>\n\n\n\n<p class=\"wp-block-paragraph\"><em>Que ce drapeau de la libert\u00e9 flotte haut.<\/em><\/p>\n\n\n\n<hr class=\"is-style-wide wp-block-separator has-alpha-channel-opacity\"\/>\n\n\n\n<p class=\"wp-block-paragraph\">Groupe de Soutien l`Azawad<\/p>\n\n\n\n<p class=\"wp-block-paragraph\">30-08-26<\/p>\n\n\n\n<p class=\"wp-block-paragraph\"><\/p>\n\n\n\n<p class=\"has-link-color has-text-align-center wp-elements-caab09c656f916ecefe99dee5f10a53d wp-block-paragraph\"><a href=\"https:\/\/freeazawad.com\/fr\/\">PAGE  D\u00b4ACCUEIL<\/a><\/p>","protected":false},"excerpt":{"rendered":"<p>En l'honneur d'Inkinan Ag Attaher, commandant, \u00e9crivain et auteur, les habitants d'Azawad lui ont r\u00e9serv\u00e9 un accueil chaleureux \u00e0 Tinzawatene. Quel moment de joie !<\/p>","protected":false},"author":1,"featured_media":0,"comment_status":"closed","ping_status":"open","sticky":false,"template":"","format":"standard","meta":{"nf_dc_page":"","_monsterinsights_skip_tracking":false,"advanced_seo_description":"","jetpack_seo_html_title":"","jetpack_seo_noindex":false,"jetpack_seo_schema_type":"","_jetpack_newsletter_access":"","_jetpack_dont_email_post_to_subs":false,"_jetpack_newsletter_tier_id":0,"_jetpack_memberships_contains_paywalled_content":false,"_jetpack_memberships_contains_paid_content":false,"footnotes":""},"categories":[232,335,140,588,381,162],"tags":[107,106,131,137,392,398,395,454,870,926,187,170,390,927],"class_list":["post-12534","post","type-post","status-publish","format-standard","hentry","category-africa","category-azawad-liberation-front","category-azawad-news","category-media","category-sahel","category-tinzawatine-azawad","tag-azawad","tag-azawad-liberation-front","tag-azawad-liberation-struggle","tag-azawad-news","tag-azawad_freedom","tag-azawad_freedom_fight","tag-azawad_independence","tag-inkinane","tag-inkinane_ag_attaher","tag-inkinane_liberated","tag-sahel-2","tag-tinzaouatene","tag-tinzawatene","tag-welcome_manifestation"],"jetpack_sharing_enabled":true,"jetpack_featured_media_url":"","_links":{"self":[{"href":"https:\/\/freeazawad.com\/fr\/wp-json\/wp\/v2\/posts\/12534","targetHints":{"allow":["GET"]}}],"collection":[{"href":"https:\/\/freeazawad.com\/fr\/wp-json\/wp\/v2\/posts"}],"about":[{"href":"https:\/\/freeazawad.com\/fr\/wp-json\/wp\/v2\/types\/post"}],"author":[{"embeddable":true,"href":"https:\/\/freeazawad.com\/fr\/wp-json\/wp\/v2\/users\/1"}],"replies":[{"embeddable":true,"href":"https:\/\/freeazawad.com\/fr\/wp-json\/wp\/v2\/comments?post=12534"}],"version-history":[{"count":20,"href":"https:\/\/freeazawad.com\/fr\/wp-json\/wp\/v2\/posts\/12534\/revisions"}],"predecessor-version":[{"id":12560,"href":"https:\/\/freeazawad.com\/fr\/wp-json\/wp\/v2\/posts\/12534\/revisions\/12560"}],"wp:attachment":[{"href":"https:\/\/freeazawad.com\/fr\/wp-json\/wp\/v2\/media?parent=12534"}],"wp:term":[{"taxonomy":"category","embeddable":true,"href":"https:\/\/freeazawad.com\/fr\/wp-json\/wp\/v2\/categories?post=12534"},{"taxonomy":"post_tag","embeddable":true,"href":"https:\/\/freeazawad.com\/fr\/wp-json\/wp\/v2\/tags?post=12534"}],"curies":[{"name":"wp","href":"https:\/\/api.w.org\/{rel}","templated":true}]}}