{"id":2957,"date":"2024-08-25T22:09:43","date_gmt":"2024-08-25T22:09:43","guid":{"rendered":"https:\/\/freeazawad.com\/?p=2957"},"modified":"2025-02-21T17:10:19","modified_gmt":"2025-02-21T17:10:19","slug":"pourquoi-la-mobilisation-mondiale-contre-le-genocide-des-palestiniens-et-des-azawadiens-est-elle-selective","status":"publish","type":"post","link":"https:\/\/freeazawad.com\/fr\/pourquoi-la-mobilisation-mondiale-contre-le-genocide-des-palestiniens-et-des-azawadiens-est-elle-selective\/","title":{"rendered":"POURQUOI Y A-T-IL UNE S\u00c9LECTIVIT\u00c9 DANS LA MOBILISATION MONDIALE CONTRE LE G\u00c9NOCIDE DES PALESTINIENS ET DES AZAWADIENNES ?"},"content":{"rendered":"<hr class=\"is-style-wide wp-block-separator has-alpha-channel-opacity\"\/>\n\n\n\n<p class=\"\">Hier c\u2019\u00e9tait la Journ\u00e9e des Enfants \ud83d\ude14<\/p>\n\n\n\n<p class=\"\">Pourquoi la mort d\u2019enfants issus de familles villageoises dans le d\u00e9sert africain ne provoque-t-elle pas la m\u00eame agitation et la m\u00eame mobilisation mondiale contre le gouvernement dictatorial du Mali que lorsqu\u2019il s\u2019agit des enfants palestiniens et de leurs bourreaux ?<\/p>\n\n\n\n<p class=\"\">Est-ce la faute des m\u00e9dias qui cautionnent la propagande officielle de la \u00ab guerre contre le terrorisme \u00bb sans vraiment chercher \u00e0 savoir qui se bat ou qui meurt dans l\u2019Azawad (territoire autochtone annex\u00e9 au Mali par la France coloniale), alors que le trafic de drogue et d\u2019\u00eatres humains et le terrorisme int\u00e9griste sont de v\u00e9ritables progr\u00e8s dans ce pays ?<\/p>\n\n\n\n<p class=\"\">Qu'est-ce qui se cache derri\u00e8re la mort de civils innocents dans l'Azawad pour que l'Occident se taise ? Les droits de l'homme ne sont que pour certains, en Occident ?<\/p>\n\n\n\n<hr class=\"is-style-wide wp-block-separator has-alpha-channel-opacity\"\/>\n\n\n\n<p class=\"\">Liliam Brzezinski 08-25-24<\/p>\n\n\n\n<p class=\"\"><\/p>","protected":false},"excerpt":{"rendered":"<p>Qu'est-ce qui se cache derri\u00e8re la mort de civils innocents dans l'Azawad pour que l'Occident se taise ? Les droits de l'homme ne sont que pour certains, en Occident ?<\/p>","protected":false},"author":1,"featured_media":0,"comment_status":"closed","ping_status":"open","sticky":false,"template":"","format":"standard","meta":{"nf_dc_page":"","_monsterinsights_skip_tracking":false,"_monsterinsights_sitenote_active":false,"_monsterinsights_sitenote_note":"","_monsterinsights_sitenote_category":0,"advanced_seo_description":"","jetpack_seo_html_title":"","jetpack_seo_noindex":false,"_jetpack_memberships_contains_paid_content":false,"footnotes":""},"categories":[113],"tags":[118,107,115,119,121,122,114,120,116,117],"class_list":["post-2957","post","type-post","status-publish","format-standard","hentry","category-azawad-mali-fama-wagner-atrocities-terrorism-genocide-racism-human-rights-violations-humanitarian-crisis-civilian-victims","tag-atrocities","tag-azawad","tag-fama","tag-genocide","tag-human-rights-violations","tag-humanitarian-crisis","tag-mali","tag-racism","tag-terrorism","tag-wagner"],"jetpack_featured_media_url":"","jetpack_sharing_enabled":true,"_links":{"self":[{"href":"https:\/\/freeazawad.com\/fr\/wp-json\/wp\/v2\/posts\/2957","targetHints":{"allow":["GET"]}}],"collection":[{"href":"https:\/\/freeazawad.com\/fr\/wp-json\/wp\/v2\/posts"}],"about":[{"href":"https:\/\/freeazawad.com\/fr\/wp-json\/wp\/v2\/types\/post"}],"author":[{"embeddable":true,"href":"https:\/\/freeazawad.com\/fr\/wp-json\/wp\/v2\/users\/1"}],"replies":[{"embeddable":true,"href":"https:\/\/freeazawad.com\/fr\/wp-json\/wp\/v2\/comments?post=2957"}],"version-history":[{"count":3,"href":"https:\/\/freeazawad.com\/fr\/wp-json\/wp\/v2\/posts\/2957\/revisions"}],"predecessor-version":[{"id":3844,"href":"https:\/\/freeazawad.com\/fr\/wp-json\/wp\/v2\/posts\/2957\/revisions\/3844"}],"wp:attachment":[{"href":"https:\/\/freeazawad.com\/fr\/wp-json\/wp\/v2\/media?parent=2957"}],"wp:term":[{"taxonomy":"category","embeddable":true,"href":"https:\/\/freeazawad.com\/fr\/wp-json\/wp\/v2\/categories?post=2957"},{"taxonomy":"post_tag","embeddable":true,"href":"https:\/\/freeazawad.com\/fr\/wp-json\/wp\/v2\/tags?post=2957"}],"curies":[{"name":"wp","href":"https:\/\/api.w.org\/{rel}","templated":true}]}}