{"id":2980,"date":"2024-09-01T23:51:45","date_gmt":"2024-09-01T23:51:45","guid":{"rendered":"https:\/\/freeazawad.com\/?p=2980"},"modified":"2025-02-21T17:06:28","modified_gmt":"2025-02-21T17:06:28","slug":"il-ny-a-jamais-eu-autant-de-resistance-de-la-part-de-lazawad-et-autant-de-haine-de-la-part-du-mali","status":"publish","type":"post","link":"https:\/\/freeazawad.com\/fr\/il-ny-a-jamais-eu-autant-de-resistance-de-la-part-de-lazawad-et-autant-de-haine-de-la-part-du-mali\/","title":{"rendered":"\u00ab IL N\u2019Y A JAMAIS EU AUTANT DE R\u00c9SISTANCE DE LA PART DE L\u2019AZAWAD, ET AUTANT DE HAINE DE LA PART DU MALI \u00bb"},"content":{"rendered":"<figure class=\"wp-block-gallery has-nested-images columns-default is-cropped wp-block-gallery-1 is-layout-flex wp-block-gallery-is-layout-flex\">\n<figure class=\"wp-block-image size-large\"><img data-recalc-dims=\"1\" loading=\"lazy\" decoding=\"async\" width=\"626\" height=\"1024\" data-id=\"2986\" src=\"https:\/\/i0.wp.com\/freeazawad.com\/wp-content\/uploads\/2024\/09\/aAIMG_4937.png?resize=626%2C1024&#038;ssl=1\" alt=\"\" class=\"wp-image-2986\" srcset=\"https:\/\/i0.wp.com\/freeazawad.com\/wp-content\/uploads\/2024\/09\/aAIMG_4937.png?resize=626%2C1024&amp;ssl=1 626w, https:\/\/i0.wp.com\/freeazawad.com\/wp-content\/uploads\/2024\/09\/aAIMG_4937.png?resize=183%2C300&amp;ssl=1 183w, https:\/\/i0.wp.com\/freeazawad.com\/wp-content\/uploads\/2024\/09\/aAIMG_4937.png?resize=768%2C1257&amp;ssl=1 768w, https:\/\/i0.wp.com\/freeazawad.com\/wp-content\/uploads\/2024\/09\/aAIMG_4937.png?resize=938%2C1536&amp;ssl=1 938w, https:\/\/i0.wp.com\/freeazawad.com\/wp-content\/uploads\/2024\/09\/aAIMG_4937.png?resize=7%2C12&amp;ssl=1 7w, https:\/\/i0.wp.com\/freeazawad.com\/wp-content\/uploads\/2024\/09\/aAIMG_4937.png?w=1242&amp;ssl=1 1242w\" sizes=\"auto, (max-width: 626px) 100vw, 626px\" \/><\/figure>\n\n\n\n<figure class=\"wp-block-image size-large\"><img data-recalc-dims=\"1\" loading=\"lazy\" decoding=\"async\" width=\"372\" height=\"639\" data-id=\"2985\" src=\"https:\/\/i0.wp.com\/freeazawad.com\/wp-content\/uploads\/2024\/09\/Dijoncenter-1.jpg?resize=372%2C639&#038;ssl=1\" alt=\"\" class=\"wp-image-2985\" srcset=\"https:\/\/i0.wp.com\/freeazawad.com\/wp-content\/uploads\/2024\/09\/Dijoncenter-1.jpg?w=372&amp;ssl=1 372w, https:\/\/i0.wp.com\/freeazawad.com\/wp-content\/uploads\/2024\/09\/Dijoncenter-1.jpg?resize=175%2C300&amp;ssl=1 175w, https:\/\/i0.wp.com\/freeazawad.com\/wp-content\/uploads\/2024\/09\/Dijoncenter-1.jpg?resize=7%2C12&amp;ssl=1 7w\" sizes=\"auto, (max-width: 372px) 100vw, 372px\" \/><\/figure>\n<\/figure>\n\n\n\n<hr class=\"is-style-wide wp-block-separator has-alpha-channel-opacity\"\/>\n\n\n\n<p class=\"\"><em>Photo : Un enfant de Tinzaouat\u00e8ne bless\u00e9 par l\u2019attaque du drone. Il est qualifi\u00e9 de \u00ab terroriste \u00bb par le gouvernement putschiste malien (ainsi que par leurs soutiens, l\u2019AES). Wagner s\u2019en fiche, ils tuent pour de l\u2019argent.<\/em><\/p>\n\n\n\n<hr class=\"is-style-wide wp-block-separator has-alpha-channel-opacity\"\/>\n\n\n\n<h2 class=\"wp-block-heading has-mono-2-color has-text-color has-link-color wp-elements-77ec5da7eaf0395ae430f88c44fa5c97\" style=\"font-size:clamp(16.293px, 1.018rem + ((1vw - 3.2px) * 0.989), 25px);\">Dans un excellent article de&nbsp;<a target=\"_blank\" href=\"https:\/\/dijoncter.info\/entretien-l-azawad-face-aux-forces-militaires-maliennes-et-aux-troupes-de-5694\" rel=\"noreferrer noopener\">Dijonctr.info&nbsp;<\/a>Concernant la r\u00e9cente manifestation qui a eu lieu \u00e0 Dijon le 31 ao\u00fbt, ils expliquent \u00e9galement la situation complexe et urgente dans l'Azawad.<\/h2>\n\n\n\n<h2 class=\"wp-block-heading has-mono-2-color has-text-color has-link-color wp-elements-588c224851eb05b740781bee4d736b41\" style=\"font-size:clamp(16.293px, 1.018rem + ((1vw - 3.2px) * 0.989), 25px);\">L'article a \u00e9t\u00e9 \u00e9crit en fran\u00e7ais, mais avec leur permission, nous le publions d\u00e9sormais ici sur ce blog en fran\u00e7ais, anglais, arabe et portugais.<\/h2>\n\n\n\n<h2 class=\"wp-block-heading has-mono-2-color has-text-color has-link-color wp-elements-6b877c288b23161d56ace2521164baf3\" style=\"font-size:clamp(16.293px, 1.018rem + ((1vw - 3.2px) * 0.989), 25px);\">Car il est dans l\u2019int\u00e9r\u00eat de la communaut\u00e9 internationale de savoir ce qu\u2019est l\u2019Azawad et ce qui provoque cette situation o\u00f9 des milliers de populations civiles azawadiennes sont contraintes de fuir et sont extermin\u00e9es par le duo #terroriste des forces arm\u00e9es maliennes et leurs auxiliaires mercenaires russes de #Wagner violant tous les droits humains qui existent.<\/h2>\n\n\n\n<h2 class=\"wp-block-heading has-mono-2-color has-text-color has-link-color wp-elements-a826ef648acae1eccc1c4f9dcbf507ba\" style=\"font-size:clamp(16.293px, 1.018rem + ((1vw - 3.2px) * 0.989), 25px);\">Le silence n'est plus une option ! Lisez l'article ci-dessous.<\/h2>\n\n\n\n<hr class=\"is-style-wide wp-block-separator has-alpha-channel-opacity\"\/>\n\n\n\n<p class=\"\">Alors qu'un rassemblement de soutien aux Touaregs de l'Azawad s'organise \u00e0 Dijon, Bilal \u2013 un Touareg franco-azawadien install\u00e9 \u00e0 Dijon \u2013 explique la situation sur place dans une longue interview et appelle \u00e0 un large soutien au mouvement national de lib\u00e9ration de l'Azawad.<\/p>\n\n\n\n<p class=\"\"><em>Pourriez-vous expliquer ce qu\u2019est l\u2019Azawad ?<\/em><\/p>\n\n\n\n<p class=\"\">Bilal : L\u2019Azawad est la r\u00e9gion du nord du Mali. C\u2019est une vaste zone dans laquelle vivent plusieurs ethnies, notamment les Touaregs, mais aussi les Songhay, les Maures, etc. Il y a eu beaucoup de changements politiques ces derni\u00e8res ann\u00e9es, depuis la r\u00e9bellion des Touaregs et d\u2019autres populations de l\u2019Azawad en 2012. C\u2019est une zone riche (en p\u00e9trole, en or, en uranium, etc.) mais abandonn\u00e9e par l\u2019\u00c9tat malien aux trafiquants, sans d\u00e9veloppement et sans autorit\u00e9 pour g\u00e9rer la zone. En 2012, il y a eu une r\u00e9volte du MNLA \u2013 le Mouvement national de lib\u00e9ration de l\u2019Azawad \u2013 il s\u2019est pass\u00e9 beaucoup de choses importantes, avec des interventions ext\u00e9rieures de la France et des forces de l\u2019Union africaine pour lutter contre le terrorisme.<\/p>\n\n\n\n<p class=\"\"><em>Qui combattait \u00e9galement les militants de l\u2019Azawad ?<\/em><\/p>\n\n\n\n<p class=\"\">Bilal : C\u2019est plus compliqu\u00e9 que \u00e7a. Ces forces sont toutes contre l\u2019ind\u00e9pendance de l\u2019Azawad, mais elles sont surtout intervenues pour lutter contre le terrorisme. En 2015, apr\u00e8s de nombreuses n\u00e9gociations, il y a eu un accord entre le mouvement ind\u00e9pendantiste touareg et le Mali, avec la m\u00e9diation de l\u2019Alg\u00e9rie, qui devait \u00eatre garante de cet accord. L\u2019accord pr\u00e9voyait une large autonomie de l\u2019Azawad : les forces de l\u2019Azawad seraient m\u00e9lang\u00e9es aux forces maliennes, tout en gardant le pouvoir central \u00e0 Bamako. Les accords ont \u00e9t\u00e9 sign\u00e9s, les Touaregs les ont accept\u00e9s, mais le Mali ne les a pas respect\u00e9s. Quelques points ont \u00e9t\u00e9 travaill\u00e9s, mais la moiti\u00e9 de l\u2019accord n\u2019a pas \u00e9t\u00e9 mise en \u0153uvre.<\/p>\n\n\n\n<p class=\"\"><em>Et il y a eu un coup d\u2019\u00c9tat militaire en 2020 ?<\/em><\/p>\n\n\n\n<p class=\"\">Bilal : Il y a eu plusieurs coups d\u2019\u00c9tat, mais le dernier a eu lieu en 2020. La premi\u00e8re chose que les militaires ont faite, c\u2019est de prendre l\u2019accord et de le jeter \u00e0 la poubelle. Ils ont chass\u00e9 toutes les forces internationales qui \u00e9taient l\u00e0 pour maintenir la stabilit\u00e9 de la paix. Ils leur ont demand\u00e9 de partir, et elles sont parties. L\u2019Alg\u00e9rie, qui \u00e9tait cens\u00e9e \u00eatre garante de l\u2019accord, n\u2019a pas d\u00e9nonc\u00e9 ce qui se passait. Le mouvement ind\u00e9pendantiste a \u00e9t\u00e9 surpris et s\u2019est retrouv\u00e9 face \u00e0 une arm\u00e9e qui veut l\u2019\u00e9radiquer, sans n\u00e9gociation, avec la complicit\u00e9 de la milice Wagner.<\/p>\n\n\n\n<p class=\"\">Le Mali a montr\u00e9 qu\u2019il ne veut plus la paix, mais simplement l\u2019\u00e9radication de tous ceux qui ne sont pas d\u2019accord avec lui. Les dirigeants maliens parlent des ind\u00e9pendantistes comme de terroristes, tout Touareg qui n\u2019est pas d\u2019accord est trait\u00e9 comme un terroriste. Alors qu\u2019avant toutes ces histoires, le Mali a contribu\u00e9 \u00e0 l\u2019installation des terroristes dans la zone de l\u2019Azawad. Car \u00e0 chaque r\u00e9volte dans l\u2019Azawad, des mouvements de trafiquants terroristes se sont alli\u00e9s au Mali.<\/p>\n\n\n\n<p class=\"\"><em>Les mouvements terroristes pr\u00e9f\u00e8rent-ils l\u2019instabilit\u00e9 cr\u00e9\u00e9e par le Mali ?<\/em><\/p>\n\n\n\n<p class=\"\">Bilal : Oui, exactement. Cette zone est un passage reliant le Maroc, le Sahara occidental et l'Afrique de l'Est, principalement l'\u00c9gypte. C'est un passage pour la drogue, pour tout ce que vous voulez. Les gens n\u2019ont aucun int\u00e9r\u00eat \u00e0 ce que cette zone soit s\u00fbre. Et cela arrange le Mali, qui ne veut pas de l\u2019ind\u00e9pendance touar\u00e8gue. L\u2019\u00c9tat malien dit mener une guerre contre les terroristes, mais cela n\u2019a jamais \u00e9t\u00e9 le cas. C'est un \u00c9tat voyou qui est toujours l\u00e0 pour opprimer, gr\u00e2ce \u00e0 des alliances comme aujourd'hui avec les mercenaires russes.<\/p>\n\n\n\n<p class=\"\">Depuis novembre 2023, toute la population de l'Azawad en d\u00e9saccord avec le Mali est partie vers les pays voisins, l'Alg\u00e9rie et la Mauritanie, car les gens sont attach\u00e9s \u00e0 leur ind\u00e9pendance et \u00e0 leur autonomie, ils veulent g\u00e9rer leur vie et ils savent qu'ils seront massacr\u00e9s s'ils restent. Cela s\u2019est d\u00e9j\u00e0 produit dans l\u2019histoire : en 1963, Modibo Ke\u00efta, le premier pr\u00e9sident du Mali, avait fait la m\u00eame chose contre les Touaregs. Le mouvement ind\u00e9pendantiste a donc abandonn\u00e9 les zones qu\u2019il contr\u00f4lait. Il y a cette nouveaut\u00e9 des drones, que l\u2019histoire touar\u00e8gue n\u2019a jamais connue\u2026 Les drones, on ne peut pas\u2026 Il faut se mettre \u00e0 couvert, parce que si on n\u2019a pas d\u2019anti-drones, on va se faire \u00e9craser. Soudain, la junte militaire et ses mercenaires avanc\u00e8rent et commenc\u00e8rent, ville apr\u00e8s ville, village apr\u00e8s village, \u00e0 tuer tous ceux qui n\u2019ob\u00e9issaient pas. Ils voient tout le monde comme des rebelles.<\/p>\n\n\n\n<p class=\"\"><em>Que s'est-il pass\u00e9 \u00e0 Tinzaouat\u00e8ne la semaine du 25 ao\u00fbt ?<\/em><\/p>\n\n\n\n<p class=\"\">Bilal : #Tinzaouat\u00e8ne est la derni\u00e8re poche contr\u00f4l\u00e9e par les ind\u00e9pendantistes de l'Azawad, c'est une ville frontali\u00e8re avec l'Alg\u00e9rie. Une colonne de l'arm\u00e9e malienne et de mercenaires russes fut charg\u00e9e d'occuper cette derni\u00e8re ville. Il fut surpris par la r\u00e9sistance et fut d\u00e9cim\u00e9. L'arm\u00e9e enti\u00e8re fut d\u00e9cim\u00e9e, \u00e0 l'exception de quelques prisonniers parmi lesquels se trouvaient des mercenaires russes. Quand les soldats et les mercenaires arrivent dans un camp, ils demandent aux gens s'il y a des rebelles, ils cherchent des informations et ils humilient les gens pour qu'ils parlent. Sauf que les gens n\u2019ont aucune information, les rebelles ne vont pas donner d\u2019informations \u00e0 un berger. Mais ils font tout pour les faire parler.<\/p>\n\n\n\n<p class=\"\">Lorsque ces otages mercenaires \u00e9taient sur place, les Touaregs ont r\u00e9cup\u00e9r\u00e9 leurs t\u00e9l\u00e9phones et ont trouv\u00e9 des vid\u00e9os de pillages et de vols. Dans une vid\u00e9o, on voit une pauvre femme touar\u00e8gue \u00e0 qui on demande des informations. Elle dit qu'elle ne sait pas, qu'elle ne bouge pas de l\u00e0 o\u00f9 elle habite. Ils l'ont forc\u00e9e \u00e0 se d\u00e9shabiller et ont film\u00e9 la sc\u00e8ne. Dans ces t\u00e9l\u00e9phones, on retrouve les preuves de l\u2019humiliation et de la r\u00e9pression des populations pauvres.<\/p>\n\n\n\n<p class=\"\">Pour l'instant, il y a une pause dans les combats apr\u00e8s Tinzaouat\u00e8ne, mais ils pr\u00e9parent la revanche. Le plan est d\u2019\u00e9radiquer tous ceux qui ne sont pas d\u2019accord avec eux. C\u2019est la situation actuelle, mais il y a des r\u00e9sistances. Il y a une r\u00e9sistance malgr\u00e9 les diff\u00e9rences de moyens militaires. <\/p>\n\n\n\n<p class=\"\">En tout cas, ce sont des gens qui ont l'avantage du terrain, ils sont chez eux. <\/p>\n\n\n\n<p class=\"\">Le Mali va \u00eatre humili\u00e9, ce sera une honte et cela les rattrapera car ce qui se passe en ce moment est la derni\u00e8re ligne droite pour la cause de l'Azawad. Il n\u2019y a jamais eu autant de r\u00e9sistance de la part de l\u2019Azawad, et autant de haine de la part du Mali. C'est le combat final, avec un gagnant et un perdant \u00e0 la fin.<\/p>\n\n\n\n<p class=\"\"><em>Existe-t-il une sorte de coordination entre les rebelles touaregs et les mouvements islamistes radicaux ?<\/em><\/p>\n\n\n\n<p class=\"\">Bilal : Il n\u2019y a jamais eu de coordination. Ce qui se passe, c\u2019est qu\u2019il y a beaucoup de mouvements diff\u00e9rents dans la r\u00e9gion : il y a le JNIM, le mouvement de soutien \u00e0 l\u2019islam et aux musulmans, qui a ses propres objectifs que je ne connais pas. Vous avez l\u2019\u00c9tat islamique, vous avez Daesh, il y a tout le monde. Avec le JNIM il n'y a pas d'hostilit\u00e9 pour le moment, par contre les autres mouvements sont pires que le Mali pour le mouvement touareg. Les Touaregs ne veulent pas s'allier \u00e0 eux, mais comme ce sont des mouvements tr\u00e8s puissants ils s'imposent, et les Touaregs n'ont aucun int\u00e9r\u00eat \u00e0 faire la guerre \u00e0 tout le monde. L'ennemi principal est le Mali.<\/p>\n\n\n\n<p class=\"\"><em>Soyons clairs, l\u2019Azawad, ce n\u2019est pas seulement les Touaregs, n\u2019est-ce pas ?<\/em><\/p>\n\n\n\n<p class=\"\">Bilal : Aujourd\u2019hui, le mouvement ind\u00e9pendantiste touareg est compos\u00e9 de nombreuses populations diff\u00e9rentes, notamment des Peuls et des Maures. Les Maures sont un peuple qui parle un dialecte proche du mauritanien. <\/p>\n\n\n\n<p class=\"\">En fait, le nom \u00ab Touareg \u00bb d\u00e9signe \u00e0 peu pr\u00e8s tout le monde. Quand on dit \u00ab Touareg \u00bb, il s\u2019agit d\u2019un peuple enturbann\u00e9, avec des codes vestimentaires partag\u00e9s par tous dans la r\u00e9gion. Donc je dirais que le nom Touareg recouvre tout le monde, mais si on voulait \u00eatre pr\u00e9cis on dirait les Kel Tamasheq, c'est-\u00e0-dire les gens qui parlent Tamasheq ; les Maures parlent le hassanya ; les Peuls parlent le Fulani ou Fulfulde comme ils disent ; les Songhay parlent le Sonhrai. <\/p>\n\n\n\n<p class=\"\">La d\u00e9finition du peuple touareg est un peu complexe. La position des Songhay est un peu neutre, ce sont des p\u00eacheurs qui vivent au bord des rivi\u00e8res, comme par exemple \u00e0 Gao qui est leur principale capitale. Alors que les Peuls, les Kel Tamasheq et les Maures ont toujours \u00e9t\u00e9 plus impliqu\u00e9s dans la lutte.<\/p>\n\n\n\n<p class=\"\"><em>Pouvez-vous nous dire ce qui vous relie \u00e0 cette lutte en Azawad ?<\/em><\/p>\n\n\n\n<p class=\"\">Bilal : Tout. Je suis n\u00e9 l\u00e0-bas et j'ai grandi l\u00e0-bas. Toute ma famille est originaire de Kidal, la r\u00e9gion de l'extr\u00eame nord, mais il y a d'autres r\u00e9gions : les r\u00e9gions de M\u00e9naka, Gao, Taoudenni et Tombouctou, donc l'Azawad est un peu divis\u00e9 comme \u00e7a. Dans la r\u00e9gion de Kidal que je connais bien, j\u2019ai beaucoup de proches, beaucoup de parents qui ont sacrifi\u00e9 leur vie pour la cause de l\u2019Azawad, tu\u00e9s par le Mali ou ses alli\u00e9s.<\/p>\n\n\n\n<p class=\"\">Et ce qui me relie aussi, c'est qu'aujourd'hui nous sommes au 21e si\u00e8cle et les gens vivent dans une r\u00e9gion terriblement riche, dans une pauvret\u00e9 extr\u00eame. Mon devoir est donc de lutter pour que nous puissions vivre dignement sur cette terre et b\u00e9n\u00e9ficier de ces ressources, sans que le Mali, sous le couvert d\u2019un soi-disant Etat, ne fasse exploiter ces ressources par des puissances \u00e9trang\u00e8res, sans accord ni partage avec les populations autochtones. C'est quelque chose que je n'accepterai jamais.<\/p>\n\n\n\n<figure class=\"wp-block-image size-full\"><img data-recalc-dims=\"1\" loading=\"lazy\" decoding=\"async\" width=\"657\" height=\"505\" src=\"https:\/\/i0.wp.com\/freeazawad.com\/wp-content\/uploads\/2025\/02\/azawadmap-kopiera.jpg?resize=657%2C505&#038;ssl=1\" alt=\"\" class=\"wp-image-2982\" srcset=\"https:\/\/i0.wp.com\/freeazawad.com\/wp-content\/uploads\/2025\/02\/azawadmap-kopiera.jpg?w=657&amp;ssl=1 657w, https:\/\/i0.wp.com\/freeazawad.com\/wp-content\/uploads\/2025\/02\/azawadmap-kopiera.jpg?resize=300%2C231&amp;ssl=1 300w, https:\/\/i0.wp.com\/freeazawad.com\/wp-content\/uploads\/2025\/02\/azawadmap-kopiera.jpg?resize=16%2C12&amp;ssl=1 16w\" sizes=\"auto, (max-width: 657px) 100vw, 657px\" \/><\/figure>\n\n\n\n<p class=\"\"><em>La Russie voudrait donc exploiter les ressources l\u00e0-bas ?<\/em><\/p>\n\n\n\n<p class=\"\">Bilal : Bien s\u00fbr, tous ceux qui sont all\u00e9s l\u00e0-bas avaient pour objectif d\u2019exploiter ces ressources. Et le Mali est comme un interm\u00e9diaire. C\u2019est un travailleur au service des puissances \u00e9trang\u00e8res, pour donner des autorisations, alors qu\u2019il n\u2019est pas chez lui pour donner \u00e7a. Il peut \u00eatre l\u00e0 temporairement, car c\u2019est la loi du plus fort qui s\u2019applique aujourd\u2019hui.<\/p>\n\n\n\n<p class=\"\">C\u2019est toujours avec l\u2019aide d\u2019une force \u00e9trang\u00e8re qu\u2019elle parvient \u00e0 se positionner dans la zone Azawad. Sauf qu\u2019aujourd\u2019hui, on n\u2019est plus comme dans les ann\u00e9es 1960 o\u00f9 les Touaregs \u00e9taient enferm\u00e9s dans cette zone.<\/p>\n\n\n\n<p class=\"\">Aujourd\u2019hui, il y a des intellectuels touaregs qui sont partout sur la plan\u00e8te. La diaspora touar\u00e8gue, en Am\u00e9rique, en Europe, \u0153uvre pour que cette zone retrouve son autonomie. Et le jour o\u00f9 des alli\u00e9s voudront bien travailler avec eux, le Mali partira, il partira comme il est venu. Il est venu de force, il partira de force.<\/p>\n\n\n\n<p class=\"\"><em>Pourquoi est-il important qu\u2019il y ait des rassemblements en France ? On est loin\u2026<\/em><\/p>\n\n\n\n<p class=\"\">Bilal : On est loin, mais c\u2019est ici que la communaut\u00e9 touar\u00e8gue, azawadienne, est la plus nombreuse. L\u2019histoire du Mali et de l\u2019Azawad est li\u00e9e \u00e0 la France, \u00e0 la colonisation. La France y est jusqu\u2019aux oreilles. C\u2019est le premier colonisateur et la France esp\u00e8re toujours revenir. Aujourd\u2019hui, il y a un grand changement g\u00e9opolitique, il y a une grande guerre de puissances. Il y a dix ans, la Russie n\u2019\u00e9tait pas en Afrique et la France \u00e9tait partout. Dans toute l\u2019histoire, la Russie n\u2019est jamais venue en Afrique du Nord. Il y a donc une guerre d\u2019int\u00e9r\u00eats.<\/p>\n\n\n\n<p class=\"\">J\u2019ai l\u2019impression que la politique \u00e9trang\u00e8re fran\u00e7aise esp\u00e8re toujours revenir au Mali comme avant. Elle esp\u00e8re toujours qu\u2019un jour les Russes partiront et que la France reviendra. Je pense cela parce que je n\u2019ai vu aucun intellectuel fran\u00e7ais ni aucune d\u00e9claration du gouvernement fran\u00e7ais d\u00e9non\u00e7ant ce qui se passe. Ils d\u00e9noncent la junte militaire, mais il faut savoir que cette junte repr\u00e9sente encore aujourd\u2019hui le Mali. M\u00eame si la population n\u2019est pas d\u2019accord avec l\u2019arriv\u00e9e de cette junte au pouvoir, il y a aujourd\u2019hui une fiert\u00e9 dans les pays d\u2019Afrique subsaharienne d\u2019avoir lib\u00e9r\u00e9 la France. C\u2019est comme s\u2019ils se sentaient lib\u00e9r\u00e9s. <\/p>\n\n\n\n<p class=\"\">Peu m\u2019importe que ce soit la France ou la Russie au Mali, pour moi c\u2019est la m\u00eame chose. Ce que j\u2019esp\u00e8re, c\u2019est que la France et l\u2019Union europ\u00e9enne en g\u00e9n\u00e9ral regardent d\u2019un \u0153il favorable les Touaregs. Les Touaregs ont besoin d\u2019alli\u00e9s, ce sont de bons partenaires, nous pouvons travailler avec eux. Il est temps de saisir cette opportunit\u00e9.<\/p>\n\n\n\n<p class=\"\"><em>Aujourd'hui il y a un rassemblement de soutien \u00e0 l'Azawad \u00e0 Dijon, pourquoi \u00e0 Dijon ?<\/em><\/p>\n\n\n\n<p class=\"\">Bilal : En janvier, nous avons particip\u00e9 \u00e0 la premi\u00e8re manifestation touar\u00e8gue \u00e0 Paris, en r\u00e9ponse \u00e0 un appel des Kabyles. On nous a demand\u00e9 de venir tous soutenir la cause de l\u2019Azawad. On y est all\u00e9s depuis #Dijon, de toute la France, on a fait une belle manifestation qui a \u00e9t\u00e9 un succ\u00e8s. Quand on est repartis, on s\u2019est demand\u00e9 comment refaire quelque chose comme \u00e7a. On a tout de suite pens\u00e9 \u00e0 Dijon, parce qu\u2019il y a une bonne communaut\u00e9 touar\u00e8gue ici qui a commenc\u00e9 \u00e0 arriver en 2012. <\/p>\n\n\n\n<p class=\"\">C\u2019est une des grandes communaut\u00e9s de France, qui a \u00e9t\u00e9 aid\u00e9e par des collectifs et des associations et notamment le Quartier des Lentill\u00e8res. Il y a eu cette rencontre avec les Lentill\u00e8res qui a encourag\u00e9 les Touaregs \u00e0 s\u2019installer \u00e0 Dijon. Parce qu\u2019il y a eu ce croisement d\u2019esprit et de mode de vie entre les Touaregs et les habitants des Lentill\u00e8res, c\u2019est vrai !<\/p>\n\n\n\n<p class=\"\">La communaut\u00e9 touar\u00e8gue s'est donc agrandie, ce qui rend plus facile l'organisation d'un rassemblement ici qu'ailleurs. Avec le soutien du collectif soutien asile 21 \u00e9galement, sans oublier la Ligue des droits de l'homme qui a fait la d\u00e9claration de la manifestation \u00e0 la pr\u00e9fecture.<\/p>\n\n\n\n<p class=\"\"><em>\u00c0 quoi aimeriez-vous que ressemble ce rassemblement aujourd\u2019hui ?<\/em><\/p>\n\n\n\n<p class=\"\">Bilal : J\u2019aimerais qu\u2019il y ait des gens, et pas seulement des Touaregs. Des gens de Dijon qui viendraient d\u00e9noncer la situation et se mettre aux c\u00f4t\u00e9s des Touaregs parce que c\u2019est le moment, les Touaregs ont besoin de soutien maintenant. Il y a aussi des intellectuels touaregs qui viendront de Paris, de Lyon, de Strasbourg, qui prendront la parole. <\/p>\n\n\n\n<p class=\"\">Et \u00e0 la fin de la manifestation, il y aura un repas partag\u00e9 avec les Touaregs aux Lentill\u00e8res. Nous voulions faire un concert de musique touar\u00e8gue en fin de journ\u00e9e, mais tout le monde n\u2019\u00e9tait pas d\u2019accord car il y a eu beaucoup de morts en Azawad ces 20 derniers jours, donc c\u2019est une p\u00e9riode de deuil et la musique touar\u00e8gue est une musique de f\u00eate\u2026 Mais ce n\u2019est que partie remise !<\/p>\n\n\n\n<p class=\"\"><em>Voulez-vous ajouter quelque chose ?<\/em><\/p>\n\n\n\n<p class=\"\">Bilal : Je suis un simple Franco-Azawadien, et je pr\u00e9f\u00e8re dire Azawadien que Malien parce que je ne me suis jamais senti Malien. Ce n\u2019est pas que je me sens sup\u00e9rieur aux Maliens, parce que j\u2019ai la peau claire ou quoi que ce soit, \u00e7a n\u2019a rien \u00e0 voir avec \u00e7a. La v\u00e9rit\u00e9 c\u2019est qu\u2019il n\u2019y a rien qui me rattache au Mali, l\u2019histoire, la langue, la culture, rien. C\u2019est noir et blanc. Simplement, quand la colonisation fran\u00e7aise s\u2019est arr\u00eat\u00e9e, elle nous a laiss\u00e9 le Mali.<\/p>\n\n\n\n<p class=\"\">Je voudrais dire qu\u2019il faut chercher des informations, qu\u2019il faut s\u2019int\u00e9resser \u00e0 la situation des Touaregs et essayer de savoir ce qui se passe r\u00e9ellement. Parce qu\u2019il y a une forte propagande du Mali pour faire passer les Touaregs pour des mouvements terroristes islamistes.<\/p>\n\n\n\n<p class=\"\">Les Touaregs sont un peuple pris en otage entre le terrorisme malien et le terrorisme international, il faut le savoir. Les Touaregs ont besoin d\u2019alli\u00e9s, pr\u00eats \u00e0 les soutenir publiquement. Il faut s\u2019int\u00e9resser \u00e0 eux, il faut se rapprocher des Touaregs.<\/p>\n\n\n\n<p class=\"\">Publi\u00e9 par Dijonctr.info le 31\/08\/2024 | Mis \u00e0 jour le 01\/09\/2024<\/p>\n\n\n\n<p class=\"\">Publi\u00e9 ici avec l'autorisation du Centre de Dijon. Groupe de soutien Azawad 01-09-24<\/p>","protected":false},"excerpt":{"rendered":"<p>Photo: A child from Tinzaouat\u00e8ne injured by the drone attack. He is called a &#8220;terrorist&#8221; by the Malian putschist government. (as well as their supporters, the AES). Wagner doesn&#8217;t care, they kill for money.) In an excellent article from&nbsp;Dijonctr.info&nbsp;regarding the recent demonstration that took place in Dijon on August 31, they also explain the complex [&hellip;]<\/p>\n","protected":false},"author":1,"featured_media":0,"comment_status":"closed","ping_status":"open","sticky":false,"template":"","format":"standard","meta":{"nf_dc_page":"","_monsterinsights_skip_tracking":false,"_monsterinsights_sitenote_active":false,"_monsterinsights_sitenote_note":"","_monsterinsights_sitenote_category":0,"advanced_seo_description":"","jetpack_seo_html_title":"","jetpack_seo_noindex":false,"_jetpack_memberships_contains_paid_content":false,"footnotes":""},"categories":[140,113],"tags":[118,107,231,230,115,119,121,122,114,120,116,117],"class_list":["post-2980","post","type-post","status-publish","format-standard","hentry","category-azawad-news","category-azawad-mali-fama-wagner-atrocities-terrorism-genocide-racism-human-rights-violations-humanitarian-crisis-civilian-victims","tag-atrocities","tag-azawad","tag-bilal_ag_acherif","tag-dijon_center","tag-fama","tag-genocide","tag-human-rights-violations","tag-humanitarian-crisis","tag-mali","tag-racism","tag-terrorism","tag-wagner"],"jetpack_featured_media_url":"","jetpack_sharing_enabled":true,"_links":{"self":[{"href":"https:\/\/freeazawad.com\/fr\/wp-json\/wp\/v2\/posts\/2980","targetHints":{"allow":["GET"]}}],"collection":[{"href":"https:\/\/freeazawad.com\/fr\/wp-json\/wp\/v2\/posts"}],"about":[{"href":"https:\/\/freeazawad.com\/fr\/wp-json\/wp\/v2\/types\/post"}],"author":[{"embeddable":true,"href":"https:\/\/freeazawad.com\/fr\/wp-json\/wp\/v2\/users\/1"}],"replies":[{"embeddable":true,"href":"https:\/\/freeazawad.com\/fr\/wp-json\/wp\/v2\/comments?post=2980"}],"version-history":[{"count":6,"href":"https:\/\/freeazawad.com\/fr\/wp-json\/wp\/v2\/posts\/2980\/revisions"}],"predecessor-version":[{"id":3740,"href":"https:\/\/freeazawad.com\/fr\/wp-json\/wp\/v2\/posts\/2980\/revisions\/3740"}],"wp:attachment":[{"href":"https:\/\/freeazawad.com\/fr\/wp-json\/wp\/v2\/media?parent=2980"}],"wp:term":[{"taxonomy":"category","embeddable":true,"href":"https:\/\/freeazawad.com\/fr\/wp-json\/wp\/v2\/categories?post=2980"},{"taxonomy":"post_tag","embeddable":true,"href":"https:\/\/freeazawad.com\/fr\/wp-json\/wp\/v2\/tags?post=2980"}],"curies":[{"name":"wp","href":"https:\/\/api.w.org\/{rel}","templated":true}]}}