{"id":3005,"date":"2024-09-04T00:55:33","date_gmt":"2024-09-04T00:55:33","guid":{"rendered":"https:\/\/freeazawad.com\/?p=3005"},"modified":"2025-02-21T17:05:26","modified_gmt":"2025-02-21T17:05:26","slug":"appel-a-la-resistance-et-a-lunite-pour-la-defense-de-lazawad","status":"publish","type":"post","link":"https:\/\/freeazawad.com\/fr\/appel-a-la-resistance-et-a-lunite-pour-la-defense-de-lazawad\/","title":{"rendered":"**APPEL A LA RESISTANCE ET A L'UNITE POUR LA DEFENSE DE L'AZAWAD**"},"content":{"rendered":"<figure class=\"wp-block-image size-full\"><img data-recalc-dims=\"1\" loading=\"lazy\" decoding=\"async\" width=\"820\" height=\"960\" src=\"https:\/\/i0.wp.com\/freeazawad.com\/wp-content\/uploads\/2025\/01\/Bilal.jpeg?resize=820%2C960&#038;ssl=1\" alt=\"\" class=\"wp-image-742\" srcset=\"https:\/\/i0.wp.com\/freeazawad.com\/wp-content\/uploads\/2025\/01\/Bilal.jpeg?w=820&amp;ssl=1 820w, https:\/\/i0.wp.com\/freeazawad.com\/wp-content\/uploads\/2025\/01\/Bilal.jpeg?resize=256%2C300&amp;ssl=1 256w, https:\/\/i0.wp.com\/freeazawad.com\/wp-content\/uploads\/2025\/01\/Bilal.jpeg?resize=768%2C899&amp;ssl=1 768w\" sizes=\"auto, (max-width: 820px) 100vw, 820px\" \/><\/figure>\n\n\n\n<p style=\"font-size:clamp(21.027px, 1.314rem + ((1vw - 3.2px) * 1.474), 34px);\" class=\"\">Extraits du discours de M. Bilal Ag Cherif, Pr\u00e9sident du Cadre Strat\u00e9gique de D\u00e9fense du Peuple de l'Azawad (CSP). Aujourd'hui, 4 septembre 2024.<\/p>\n\n\n\n<hr class=\"is-style-wide wp-block-separator has-alpha-channel-opacity\"\/>\n\n\n\n<p class=\"\">Mes chers compatriotes,<\/p>\n\n\n\n<p class=\"\">Je m\u2019adresse \u00e0 vous avec une infinie gratitude pour le courage et la r\u00e9silience dont vous faites preuve chaque jour face aux attaques et aux injustices qui nous accablent. Vous avez incarn\u00e9 la dignit\u00e9 et la force qui sont au c\u0153ur m\u00eame de notre lutte pour l\u2019Azawad.<\/p>\n\n\n\n<p class=\"\">Il faut comprendre qu\u2019une paix v\u00e9ritable est impossible tant que la question de l\u2019Azawad n\u2019est pas r\u00e9solue. La paix ne peut se construire sur des compromis qui trahissent notre qu\u00eate l\u00e9gitime de reconnaissance et de justice.<\/p>\n\n\n\n<p class=\"\">Les accords pass\u00e9s entre certains \u00c9tats et des soci\u00e9t\u00e9s internationales avec les putschistes, sans notre consentement, ne peuvent que conduire \u00e0 l\u2019\u00e9chec. Ces accords ne sont que des mirages, incapables de satisfaire nos v\u00e9ritables aspirations. Ils ne peuvent offrir ni stabilit\u00e9 ni prosp\u00e9rit\u00e9.<\/p>\n\n\n\n<p class=\"\">Nous sommes profond\u00e9ment constern\u00e9s par le silence complice des pays voisins, de l\u2019Union africaine, de l\u2019Organisation mondiale islamique, des organisations de d\u00e9fense des droits de l\u2019homme et m\u00eame de l\u2019ONU. Ce silence face aux horreurs inflig\u00e9es \u00e0 notre peuple semble sugg\u00e9rer que notre douleur est ignor\u00e9e. Nous appelons le monde \u00e0 ouvrir les yeux sur le nettoyage ethnique soigneusement orchestr\u00e9 par la junte de Bamako contre notre peuple.<\/p>\n\n\n\n<blockquote class=\"wp-block-quote is-layout-flow wp-block-quote-is-layout-flow\">\n<p class=\"\">Il faut aussi \u00eatre clair : il n\u2019y aura pas de paix tant que ce r\u00e9gime restera en place. Il est clair que notre seule voie est la lutte pour d\u00e9fendre nos droits et notre existence. La junte de Bamako m\u00e8ne un sinistre projet de remplacement d\u00e9mographique, visant \u00e0 effacer notre peuple de sa propre terre. Nous ne pouvons pas rester passifs face \u00e0 cette menace.<\/p>\n<\/blockquote>\n\n\n\n<p class=\"\">Je lance un vibrant appel \u00e0 tous les Azawadiens \u2013 chefs de tribus, chefs religieux, intellectuels, journalistes \u2013 pour qu\u2019ils se rallient au Cadre strat\u00e9gique permanent pour la d\u00e9fense du peuple de l\u2019Azawad (CSP_DPA). Unissons nos forces avec une d\u00e9termination renouvel\u00e9e pour prot\u00e9ger notre peuple et pr\u00e9server notre dignit\u00e9.<\/p>\n\n\n\n<p class=\"\">Il est scandaleux que le salaire d\u2019un mercenaire de la milice Wagner d\u00e9passe celui d\u2019un officier sup\u00e9rieur de l\u2019arm\u00e9e malienne. Cette cruelle injustice r\u00e9v\u00e8le un monde o\u00f9 l\u2019inhumanit\u00e9 semble prendre le pas sur les valeurs fondamentales de droits et de dignit\u00e9.<\/p>\n\n\n\n<p class=\"\">Depuis 1963 jusqu\u2019\u00e0 nos jours, les r\u00e9gimes successifs au Mali ont syst\u00e9matiquement cherch\u00e9 \u00e0 \u00e9craser notre peuple lorsque leur pouvoir s\u2019est renforc\u00e9. Cette adversit\u00e9 persistante exige de nous une r\u00e9silience et une lutte sans faille pour sauvegarder notre existence et nos valeurs.<\/p>\n\n\n\n<p class=\"\">L'Azawad n'est pas une simple question politique, c'est une cause historique, sans vis\u00e9e expansionniste. Les fronti\u00e8res de l'Azawad s'\u00e9tendent au nord du Mali, notamment \u00e0 Gao, Tombouctou, Taoud\u00e9nit, Kidal et M\u00e9naka. Nous restons fermement attach\u00e9s \u00e0 notre histoire et \u00e0 notre terre.<\/p>\n\n\n\n<p class=\"\">Avec d\u00e9termination et espoir, je vous appelle \u00e0 marcher ensemble vers notre avenir, en pr\u00e9servant notre dignit\u00e9 et en d\u00e9fendant notre cause avec une force in\u00e9branlable.<\/p>\n\n\n\n<p class=\"\">Vive l'Azawad libre et ind\u00e9pendant !<\/p>\n\n\n\n<p class=\"\">*Extrait du discours de M. Billal AG Acharif, Secr\u00e9taire G\u00e9n\u00e9ral en exercice du Cadre Strat\u00e9gique Permanent pour la D\u00e9fense du Peuple de l\u2019Azawad (CSP_DPA).<\/p>\n\n\n\n<p class=\"\">04-09-24<\/p>\n\n\n\n<hr class=\"is-style-wide wp-block-separator has-alpha-channel-opacity\"\/>\n\n\n\n<p class=\"\"><\/p>\n\n\n\n<p class=\"has-text-align-center\"><a href=\"https:\/\/freeazawad.com\/fr\/\">PAGE  D\u00b4ACCUEIL<\/a><\/p>","protected":false},"excerpt":{"rendered":"<p>Il faut aussi \u00eatre clair : il n\u2019y aura pas de paix tant que ce r\u00e9gime restera en place. Il est clair que notre seule voie est la lutte pour d\u00e9fendre nos droits et notre existence. La junte de Bamako m\u00e8ne un sinistre projet de remplacement d\u00e9mographique, visant \u00e0 effacer notre peuple de sa propre terre. Nous ne pouvons pas rester passifs face \u00e0 cette menace.<\/p>","protected":false},"author":1,"featured_media":0,"comment_status":"closed","ping_status":"open","sticky":false,"template":"","format":"standard","meta":{"nf_dc_page":"","_monsterinsights_skip_tracking":false,"_monsterinsights_sitenote_active":false,"_monsterinsights_sitenote_note":"","_monsterinsights_sitenote_category":0,"advanced_seo_description":"","jetpack_seo_html_title":"","jetpack_seo_noindex":false,"_jetpack_memberships_contains_paid_content":false,"footnotes":""},"categories":[140,113],"tags":[118,107,231,115,119,121,122,114,120,116,117],"class_list":["post-3005","post","type-post","status-publish","format-standard","hentry","category-azawad-news","category-azawad-mali-fama-wagner-atrocities-terrorism-genocide-racism-human-rights-violations-humanitarian-crisis-civilian-victims","tag-atrocities","tag-azawad","tag-bilal_ag_acherif","tag-fama","tag-genocide","tag-human-rights-violations","tag-humanitarian-crisis","tag-mali","tag-racism","tag-terrorism","tag-wagner"],"jetpack_featured_media_url":"","jetpack_sharing_enabled":true,"_links":{"self":[{"href":"https:\/\/freeazawad.com\/fr\/wp-json\/wp\/v2\/posts\/3005","targetHints":{"allow":["GET"]}}],"collection":[{"href":"https:\/\/freeazawad.com\/fr\/wp-json\/wp\/v2\/posts"}],"about":[{"href":"https:\/\/freeazawad.com\/fr\/wp-json\/wp\/v2\/types\/post"}],"author":[{"embeddable":true,"href":"https:\/\/freeazawad.com\/fr\/wp-json\/wp\/v2\/users\/1"}],"replies":[{"embeddable":true,"href":"https:\/\/freeazawad.com\/fr\/wp-json\/wp\/v2\/comments?post=3005"}],"version-history":[{"count":7,"href":"https:\/\/freeazawad.com\/fr\/wp-json\/wp\/v2\/posts\/3005\/revisions"}],"predecessor-version":[{"id":3736,"href":"https:\/\/freeazawad.com\/fr\/wp-json\/wp\/v2\/posts\/3005\/revisions\/3736"}],"wp:attachment":[{"href":"https:\/\/freeazawad.com\/fr\/wp-json\/wp\/v2\/media?parent=3005"}],"wp:term":[{"taxonomy":"category","embeddable":true,"href":"https:\/\/freeazawad.com\/fr\/wp-json\/wp\/v2\/categories?post=3005"},{"taxonomy":"post_tag","embeddable":true,"href":"https:\/\/freeazawad.com\/fr\/wp-json\/wp\/v2\/tags?post=3005"}],"curies":[{"name":"wp","href":"https:\/\/api.w.org\/{rel}","templated":true}]}}