{"id":3053,"date":"2024-09-15T20:58:44","date_gmt":"2024-09-15T20:58:44","guid":{"rendered":"https:\/\/freeazawad.com\/?p=3053"},"modified":"2025-02-21T17:04:05","modified_gmt":"2025-02-21T17:04:05","slug":"quest-ce-qui-se-cache-derriere-ce-genocide-de-la-population-de-lazawad","status":"publish","type":"post","link":"https:\/\/freeazawad.com\/fr\/quest-ce-qui-se-cache-derriere-ce-genocide-de-la-population-de-lazawad\/","title":{"rendered":"QU'Y A-T-IL D'AUTRE DERRI\u00c8RE CE G\u00c9NOCIDE DES POPULATIONS DE L'AZAWAD ? \u00a0"},"content":{"rendered":"<hr class=\"is-style-wide wp-block-separator has-alpha-channel-opacity\"\/>\n\n\n\n<p style=\"font-size:clamp(20px, 1.25rem + ((1vw - 3.2px) * 1.364), 32px);\" class=\"\">Le mal devient encore plus profond. <\/p>\n\n\n\n<p class=\"\">Nous savons que l'avidit\u00e9 pour les ressources naturelles de la terre et le racisme contre les Azawadiens \u00e0 la peau plus claire sont deux raisons qui poussent les autorit\u00e9s maliennes (depuis les ann\u00e9es 60) \u00e0 commettre un g\u00e9nocide contre les touaregs, les peuls, les arabes et les songha\u00efs de l'Azawad.&nbsp;<\/p>\n\n\n\n<p class=\"\">Mais il semble qu\u2019il y ait une troisi\u00e8me raison sinistre : le trafic d\u2019organes humains, perp\u00e9tr\u00e9 par le groupe PMC Wagner en collaboration avec des \u00e9l\u00e9ments du gouvernement malien. Ce trafic a \u00e9t\u00e9 d\u00e9couvert le 23 octobre, mais n\u2019a \u00e9t\u00e9 port\u00e9 \u00e0 la connaissance du public que tr\u00e8s r\u00e9cemment.&nbsp;<\/p>\n\n\n\n<p class=\"\">Voici un article republi\u00e9 sur ce prochain niveau de mal apr\u00e8s tous les articles et vid\u00e9os sur les sites d'information et les m\u00e9dias et les r\u00e9seaux sociaux sur les d\u00e9membrements, les fusillades, les mines et les bombes artisanales, les bombardements de drones, les empoisonnements, les incendies, les d\u00e9capitations et le cannibalisme, et maintenant il y a aussi le trafic d'organes humains ? <\/p>\n\n\n\n<p class=\"\">Le mal n'a pas de limite, lisez l'article ici :<\/p>\n\n\n\n<blockquote class=\"wp-block-quote is-layout-flow wp-block-quote-is-layout-flow\">\n<p class=\"\">Urgent!!!<\/p>\n\n\n\n<p class=\"\">\u200eUne source fiable, bien inform\u00e9e sur le travail du syst\u00e8me du minist\u00e8re de la D\u00e9fense, a r\u00e9v\u00e9l\u00e9 que le ministre Sadio Camara se coordonne avec le groupe PMC Wagner pour le trafic international d'organes humains pr\u00e9lev\u00e9s sur des victimes dans le nord et le centre du pays.<\/p>\n\n\n\n<p class=\"\">\u200eEn r\u00e9alit\u00e9, le trafic d\u2019\u00eatres humains a commenc\u00e9 dans un premier temps \u00e0 l\u2019insu des autorit\u00e9s de transition. C\u2019est pr\u00e9cis\u00e9ment \u00e0 la mi-octobre 2023 que les services de renseignements maliens ont d\u00e9couvert ce que cachait le comportement unilat\u00e9ral du partenaire russe dans ses attaques sanguinaires contre des populations \u00ab consid\u00e9r\u00e9es \u00bb comme proches des groupes terroristes et ind\u00e9pendantistes.&nbsp;<\/p>\n\n\n\n<p class=\"\">Suite \u00e0 des enqu\u00eates internes, des n\u00e9gociations ont eu lieu au sommet de la pyramide avec les dirigeants du groupe Wagner.<\/p>\n\n\n\n<p class=\"\">\u200eAinsi, le ministre de la D\u00e9fense et son homologue \u00e0 la t\u00eate des services de renseignements ont saisi l'occasion pour exiger 20% des recettes dudit trafic sur tous les organes pr\u00e9lev\u00e9s sur les victimes au Mali.<\/p>\n\n\n\n<p class=\"\">*\u2d62\u2d59\u2d30\u2d4d\u2d30\u2d4f24* - 09-15-24<\/p>\n<\/blockquote>\n\n\n\n<hr class=\"is-style-wide wp-block-separator has-alpha-channel-opacity\"\/>\n\n\n\n<p class=\"\"><\/p>\n\n\n\n<p class=\"has-text-align-center has-link-color wp-elements-bbc451ac11c6172b04f7e896fe0623f8\"><a href=\"https:\/\/freeazawad.com\/fr\/\">PAGE  D\u00b4ACCUEIL<\/a><\/p>","protected":false},"excerpt":{"rendered":"<p>Nous savons que l'avidit\u00e9 pour les ressources naturelles de la terre et le racisme contre les Azawadiens \u00e0 la peau plus claire sont deux raisons qui poussent les autorit\u00e9s maliennes (depuis les ann\u00e9es 60) \u00e0 commettre un g\u00e9nocide contre les touaregs, les peuls, les arabes et les songha\u00efs de l'Azawad.\u00a0<\/p>\n<p>But there seems to be a sinister third reason&#8230;<\/p>","protected":false},"author":1,"featured_media":0,"comment_status":"closed","ping_status":"open","sticky":false,"template":"","format":"standard","meta":{"nf_dc_page":"","_monsterinsights_skip_tracking":false,"_monsterinsights_sitenote_active":false,"_monsterinsights_sitenote_note":"","_monsterinsights_sitenote_category":0,"advanced_seo_description":"","jetpack_seo_html_title":"","jetpack_seo_noindex":false,"_jetpack_memberships_contains_paid_content":false,"footnotes":""},"categories":[140,113],"tags":[118,107,115,119,121,122,114,120,116,117],"class_list":["post-3053","post","type-post","status-publish","format-standard","hentry","category-azawad-news","category-azawad-mali-fama-wagner-atrocities-terrorism-genocide-racism-human-rights-violations-humanitarian-crisis-civilian-victims","tag-atrocities","tag-azawad","tag-fama","tag-genocide","tag-human-rights-violations","tag-humanitarian-crisis","tag-mali","tag-racism","tag-terrorism","tag-wagner"],"jetpack_featured_media_url":"","jetpack_sharing_enabled":true,"_links":{"self":[{"href":"https:\/\/freeazawad.com\/fr\/wp-json\/wp\/v2\/posts\/3053","targetHints":{"allow":["GET"]}}],"collection":[{"href":"https:\/\/freeazawad.com\/fr\/wp-json\/wp\/v2\/posts"}],"about":[{"href":"https:\/\/freeazawad.com\/fr\/wp-json\/wp\/v2\/types\/post"}],"author":[{"embeddable":true,"href":"https:\/\/freeazawad.com\/fr\/wp-json\/wp\/v2\/users\/1"}],"replies":[{"embeddable":true,"href":"https:\/\/freeazawad.com\/fr\/wp-json\/wp\/v2\/comments?post=3053"}],"version-history":[{"count":6,"href":"https:\/\/freeazawad.com\/fr\/wp-json\/wp\/v2\/posts\/3053\/revisions"}],"predecessor-version":[{"id":3732,"href":"https:\/\/freeazawad.com\/fr\/wp-json\/wp\/v2\/posts\/3053\/revisions\/3732"}],"wp:attachment":[{"href":"https:\/\/freeazawad.com\/fr\/wp-json\/wp\/v2\/media?parent=3053"}],"wp:term":[{"taxonomy":"category","embeddable":true,"href":"https:\/\/freeazawad.com\/fr\/wp-json\/wp\/v2\/categories?post=3053"},{"taxonomy":"post_tag","embeddable":true,"href":"https:\/\/freeazawad.com\/fr\/wp-json\/wp\/v2\/tags?post=3053"}],"curies":[{"name":"wp","href":"https:\/\/api.w.org\/{rel}","templated":true}]}}